{"id":17439,"date":"2023-07-25T10:07:42","date_gmt":"2023-07-25T10:07:42","guid":{"rendered":"https:\/\/dekkbi.com\/?p=17439"},"modified":"2023-07-25T10:07:43","modified_gmt":"2023-07-25T10:07:43","slug":"prise-en-charge-medico-sociale-et-hausse-des-salaires-en-revendication","status":"publish","type":"post","link":"https:\/\/dekkbi.com\/?p=17439","title":{"rendered":"Prise en charge m\u00e9dico-sociale et hausse des salaires, en revendication"},"content":{"rendered":"\n<p>Avec ce mot d\u2019ordre de 72 heures de gr\u00e8ve d\u00e9cr\u00e9t\u00e9 depuis hier, lundi, le collectif des employ\u00e9s d\u2019AFTU exprime ainsi son m\u00e9contentement et r\u00e9clame de meilleures conditions de travail, notamment une prise en charge m\u00e9dicale et sociale qui fait d\u00e9faut. Actuellement, certains d\u2019entre eux seraient confront\u00e9s \u00e0 des probl\u00e8mes de sant\u00e9 et m\u00eame des amputations, mais ils ne b\u00e9n\u00e9ficient d\u2019aucune assistance en raison de l\u2019absence de contrats, comme l\u2019a soulign\u00e9 Abass Sarr, le coordonnateur du collectif. Cette gr\u00e8ve a pour objectif de revendiquer \u00e9galement une augmentation des salaires pour les employ\u00e9s de la compagnie. Abass Sarr affirme en effet que malgr\u00e9 la hausse du prix des tickets pour les bus tata, cela n\u2019a eu aucun impact positif sur leurs salaires.<\/p>\n\n\n\n<p>B N<\/p>\n\n\n\n<p>SUDQUOTIDIEN<\/p>\n","protected":false},"excerpt":{"rendered":"<p>Avec ce mot d\u2019ordre de 72 heures de gr\u00e8ve d\u00e9cr\u00e9t\u00e9 depuis hier, lundi, le collectif des employ\u00e9s d\u2019AFTU exprime ainsi<\/p>\n","protected":false},"author":1,"featured_media":10083,"comment_status":"open","ping_status":"open","sticky":false,"template":"","format":"standard","meta":{"footnotes":""},"categories":[26],"tags":[],"class_list":["post-17439","post","type-post","status-publish","format-standard","has-post-thumbnail","hentry","category-fait-divers"],"_links":{"self":[{"href":"https:\/\/dekkbi.com\/index.php?rest_route=\/wp\/v2\/posts\/17439","targetHints":{"allow":["GET"]}}],"collection":[{"href":"https:\/\/dekkbi.com\/index.php?rest_route=\/wp\/v2\/posts"}],"about":[{"href":"https:\/\/dekkbi.com\/index.php?rest_route=\/wp\/v2\/types\/post"}],"author":[{"embeddable":true,"href":"https:\/\/dekkbi.com\/index.php?rest_route=\/wp\/v2\/users\/1"}],"replies":[{"embeddable":true,"href":"https:\/\/dekkbi.com\/index.php?rest_route=%2Fwp%2Fv2%2Fcomments&post=17439"}],"version-history":[{"count":1,"href":"https:\/\/dekkbi.com\/index.php?rest_route=\/wp\/v2\/posts\/17439\/revisions"}],"predecessor-version":[{"id":17440,"href":"https:\/\/dekkbi.com\/index.php?rest_route=\/wp\/v2\/posts\/17439\/revisions\/17440"}],"wp:featuredmedia":[{"embeddable":true,"href":"https:\/\/dekkbi.com\/index.php?rest_route=\/wp\/v2\/media\/10083"}],"wp:attachment":[{"href":"https:\/\/dekkbi.com\/index.php?rest_route=%2Fwp%2Fv2%2Fmedia&parent=17439"}],"wp:term":[{"taxonomy":"category","embeddable":true,"href":"https:\/\/dekkbi.com\/index.php?rest_route=%2Fwp%2Fv2%2Fcategories&post=17439"},{"taxonomy":"post_tag","embeddable":true,"href":"https:\/\/dekkbi.com\/index.php?rest_route=%2Fwp%2Fv2%2Ftags&post=17439"}],"curies":[{"name":"wp","href":"https:\/\/api.w.org\/{rel}","templated":true}]}}