{"id":17432,"date":"2023-07-25T09:53:33","date_gmt":"2023-07-25T09:53:33","guid":{"rendered":"https:\/\/dekkbi.com\/?p=17432"},"modified":"2023-07-25T09:53:34","modified_gmt":"2023-07-25T09:53:34","slug":"benno-bokk-yakaar-macky-sall-chouchoute-moustapha-niasse-et-installe-le-malaise","status":"publish","type":"post","link":"https:\/\/dekkbi.com\/?p=17432","title":{"rendered":"Benno Bokk Yakaar: Macky Sall chouchoute Moustapha Niasse et installe le malaise"},"content":{"rendered":"\n<h3 class=\"wp-block-heading\">Macky Sall a accentu\u00e9 le foss\u00e9 entre ce que les frustr\u00e9s ont appel\u00e9 le \u00ab Benno d\u2019en haut \u00bb et le \u00ab Benno d\u2019en bas \u00bb. Moustapha Niasse tr\u00f4ne au sommet, le Ps, la Ld, le Pit, Fekke ma ci boole et d\u2019autres alli\u00e9s, sont tir\u00e9s vers le bas. Un \u00e9tat de fait qui cr\u00e9e le malaise \u00e0 quelques heures (?) du choix d\u00e9cisif du candidat de la mouvance pr\u00e9sidentielle.<\/h3>\n\n\n\n<p>Si Macky Sall a excell\u00e9 dans son art \u00e0 la veille de son choix d\u00e9cisif du candidat de sa coalition, c\u2019est bien, s\u00fbrement dans la division des blocs de l\u2019espace politique. Dans son propre camp, le chef de l\u2019Etat est parvenu, \u00e0 force de poser des actes, les uns apr\u00e8s les autres, \u00e0 dresser quasiment une faction contre une autre. A voir Benno Bokk Yakaar de pr\u00e8s, on ne peut s\u2019emp\u00eacher de donner raison \u00e0 ses alli\u00e9s qui parlaient de \u00ab Benno d\u2019en haut \u00bb et de \u00ab Benno d\u2019en bas \u00bb. Et c\u2019est pour dire qu\u2019il y a dans la mouvance pr\u00e9sidentielle, des alli\u00e9s bien trait\u00e9s, d\u2019autres plant\u00e9s au rang de seconde zone.<\/p>\n\n\n\n<p>C\u2019est d\u2019ailleurs le constat amer de l\u2019alli\u00e9e Amsatou Sow Sidib\u00e9 de Car\/Lenen. Ministre-conseiller, professeur Amsatou Sow Sidib\u00e9 avait fini par jeter l\u2019\u00e9ponge, apr\u00e8s avoir d\u00e9cri\u00e9 ce traitement de faveur fait \u00e0 certains membres de Benno Bokk Yakaar : Le patron de l\u2019Alliance des forces de progr\u00e8s (Afp) Moustapha Niasse avait \u00e9t\u00e9 confortablement install\u00e9 au Perchoir en plus de son ministre au gouvernement. Le Parti socialiste (Ps), avec feu Ousmane Tanor Dieng, puis Aminata Mbengue, aujourd\u2019hui \u00e0 la t\u00eate du Haut conseil des collectivit\u00e9s territoriales (Hcct), en plus de son ministre si\u00e9geant \u00e0 la table du Conseil des ministres. Aujourd\u2019hui, la fracture s\u2019est aggrav\u00e9e. Le pr\u00e9sident Macky Sall semble avoir pris la r\u00e9solution de ne s\u2019associer qu\u2019au pr\u00e9sident Moustapha Niasse.<\/p>\n\n\n\n<p>Juste dans la foul\u00e9e du dernier remaniement gouvernemental qui a vu Amadou B\u00e2 \u00eatre port\u00e9 \u00e0 la Primature, l\u2019ancien pr\u00e9sident de l&rsquo;Assembl\u00e9e nationale, Moustapha Niasse a \u00e9t\u00e9 nomm\u00e9 Haut repr\u00e9sentant du pr\u00e9sident de la R\u00e9publique. Une position qui en fait un proche conseiller du chef de l\u2019Etat, traduisant en plus la proximit\u00e9 et, sans doute, la complicit\u00e9 entre les deux hommes.<\/p>\n\n\n\n<p>D&rsquo;apr\u00e8s \u00ab\u00a0Point Actu\u00a0\u00bb, Moustapha Niasse garde son ministre dans le gouvernement, en la personne de Pape Sagna Mbaye et se rapproche davantage du ma\u00eetre du palais de la R\u00e9publique. Et le 23 juillet dernier, \u00e0 la veille du lancement du Dialogue politique, Macky Sall a lanc\u00e9 \u00e0 l\u2019assistance, dans la Salle des Banquets du Palais : \u00ab&nbsp;<em>J\u2019ai d\u00e9sign\u00e9 mon Haut repr\u00e9sentant, monsieur Moustapha Niasse, ancien pr\u00e9sident de l\u2019Assembl\u00e9e nationale, pour me repr\u00e9senter au dialogue et en assurer la conduite si vous en convenez&nbsp;<\/em>\u00bb.<\/p>\n\n\n\n<p>Une nouvelle mont\u00e9e en puissance du patron de l\u2019Afp, qui creuse l\u2019\u00e9cart entre Macky Sall et le reste de ses alli\u00e9s.<\/p>\n\n\n\n<p>Le dernier acte pos\u00e9 par Macky Sall qui fait de Moustapha Niasse un partenaire de choix, a \u00e9t\u00e9 de lui octroyer le privil\u00e8ge d\u2019auditionner les candidats \u00e0 la Pr\u00e9sidentielle de BBY. Ce r\u00f4le de premier filtre montre sa cote aupr\u00e8s du chef de l\u2019Etat. Il en fait presque une sorte de num\u00e9ro un de BBY. M\u00eame si l\u2019\u00e2ge, l\u2019exp\u00e9rience et la fid\u00e9lit\u00e9 de Niasse sont assez \u00e9loquents pour asseoir sa l\u00e9gitimit\u00e9, il reste qu\u2019il est un alli\u00e9. Et \u00e0 ce titre, l\u2019option prise par le pr\u00e9sident de la R\u00e9publique, fait de son alli\u00e9 Moustapha Niasse, un alli\u00e9 d\u2019or.<\/p>\n\n\n\n<p>Le Parti socialiste, nagu\u00e8re partenaire de taille de Macky Sall, semble avoir \u00e9t\u00e9 rel\u00e9gu\u00e9 \u00e0 un rang inf\u00e9rieur sur l\u2019\u00e9chelle des valeurs. Si Ousmane Tanor Dieng \u00e9tait encore de ce monde, il en serait peut-\u00eatre autrement. Mais la r\u00e9alit\u00e9 est l\u00e0. Le Ps a perdu du terrain face \u00e0 Macky Sall et \u00e0 Moustapha Niasse. Le chef de l&rsquo;Etat ne les consulte sans doute presque pas. Les longs silences des socialites et peut-\u00eatre les valses et h\u00e9sitations de son d\u00e9put\u00e9 Abdoulaye Wilane, ont d\u00fb contraindre Macky Sall \u00e0 la prudence face au Ps, moins tranch\u00e9 que l\u2019Afp. Niass en a donn\u00e9 la preuve lorsque l&rsquo;ex-ministre des Transports a\u00e9riens, Alioune Sarr, a d\u00e9clar\u00e9 sa candidature.<\/p>\n\n\n\n<p>L\u2019autre alli\u00e9 de taille Youssou Ndour n\u2019est pas log\u00e9 \u00e0 meilleure enseigne que le Ps. \u00ab Fekke ma ci boole \u00bb n\u2019est plus dans le gouvernement. Le mouvement de la vedette plan\u00e9taire, Youssou Ndour, broie le noir. Sa militante Adja Sy, d\u2019abord nomm\u00e9e Directrice g\u00e9n\u00e9rale de la Place du Souvenir, puis pr\u00e9sidente du Conseil d\u2019administration du Grand Th\u00e9\u00e2tre, \u00e9marge d\u00e9sormais dans le priv\u00e9. Madame Sy est nomm\u00e9e directrice des programmes de la cha\u00eene t\u00e9l\u00e9vision priv\u00e9e Sen Tv. Bamba Mbow qui \u00e9tait le dDrecteur g\u00e9n\u00e9ral de l&rsquo;Aspt, a \u00e9t\u00e9 limog\u00e9.<\/p>\n\n\n\n<p>Il ne reste plus aux c\u00f4t\u00e9s de Macky Sall, que Youssou Ndour, en fonction \u00e0 son poste de ministre-conseiller. La Ld et le Pit font profil bas dans cette grande alliance. Une option qui secoue dangereusement les deux formations. La Ld s&rsquo;est fractur\u00e9e en deux, le Pit re\u00e7oit r\u00e9guli\u00e8rement des coups de son flanc radical. Ces deux formations n&rsquo;\u00e9mettent plus \u00e0 haute voix leurs positions, contrairement au professeur Abdoulaye Bathily. Le patron de la Ld s&rsquo;\u00e9tait \u00e9galement heurt\u00e9 \u00e0 Me Wade, lorsque ce dernier avait voulu instituer une direction unifi\u00e9e \u00e0 la Cap 21.<br><\/p>\n\n\n\n<p>Ousmane Wade<\/p>\n\n\n\n<p>LERAL<\/p>\n","protected":false},"excerpt":{"rendered":"<p>Macky Sall a accentu\u00e9 le foss\u00e9 entre ce que les frustr\u00e9s ont appel\u00e9 le \u00ab Benno d\u2019en haut \u00bb et<\/p>\n","protected":false},"author":1,"featured_media":13199,"comment_status":"open","ping_status":"open","sticky":false,"template":"","format":"standard","meta":{"footnotes":""},"categories":[6],"tags":[],"class_list":["post-17432","post","type-post","status-publish","format-standard","has-post-thumbnail","hentry","category-politics"],"_links":{"self":[{"href":"https:\/\/dekkbi.com\/index.php?rest_route=\/wp\/v2\/posts\/17432","targetHints":{"allow":["GET"]}}],"collection":[{"href":"https:\/\/dekkbi.com\/index.php?rest_route=\/wp\/v2\/posts"}],"about":[{"href":"https:\/\/dekkbi.com\/index.php?rest_route=\/wp\/v2\/types\/post"}],"author":[{"embeddable":true,"href":"https:\/\/dekkbi.com\/index.php?rest_route=\/wp\/v2\/users\/1"}],"replies":[{"embeddable":true,"href":"https:\/\/dekkbi.com\/index.php?rest_route=%2Fwp%2Fv2%2Fcomments&post=17432"}],"version-history":[{"count":1,"href":"https:\/\/dekkbi.com\/index.php?rest_route=\/wp\/v2\/posts\/17432\/revisions"}],"predecessor-version":[{"id":17433,"href":"https:\/\/dekkbi.com\/index.php?rest_route=\/wp\/v2\/posts\/17432\/revisions\/17433"}],"wp:featuredmedia":[{"embeddable":true,"href":"https:\/\/dekkbi.com\/index.php?rest_route=\/wp\/v2\/media\/13199"}],"wp:attachment":[{"href":"https:\/\/dekkbi.com\/index.php?rest_route=%2Fwp%2Fv2%2Fmedia&parent=17432"}],"wp:term":[{"taxonomy":"category","embeddable":true,"href":"https:\/\/dekkbi.com\/index.php?rest_route=%2Fwp%2Fv2%2Fcategories&post=17432"},{"taxonomy":"post_tag","embeddable":true,"href":"https:\/\/dekkbi.com\/index.php?rest_route=%2Fwp%2Fv2%2Ftags&post=17432"}],"curies":[{"name":"wp","href":"https:\/\/api.w.org\/{rel}","templated":true}]}}