{"id":17375,"date":"2023-07-24T11:20:24","date_gmt":"2023-07-24T11:20:24","guid":{"rendered":"https:\/\/dekkbi.com\/?p=17375"},"modified":"2023-07-24T11:20:26","modified_gmt":"2023-07-24T11:20:26","slug":"la-majorite-et-le-destin-national-le-senegal-a-la-croisee-des-chemins","status":"publish","type":"post","link":"https:\/\/dekkbi.com\/?p=17375","title":{"rendered":"La majorit\u00e9 et le destin national : Le S\u00e9n\u00e9gal \u00e0 la crois\u00e9e des chemins"},"content":{"rendered":"\n<h3 class=\"wp-block-heading\">Le S\u00e9n\u00e9gal est \u00e0 la crois\u00e9e des chemins. Que cette expression paraisse galvaud\u00e9e \u00e0 certains n\u2019enl\u00e8ve en rien sa grave signification. \u00catre \u00e0 la crois\u00e9e des chemins, c\u2019est \u00eatre sous l\u2019injonction imp\u00e9rative de la d\u00e9cision: vers o\u00f9 allons-nous?<\/h3>\n\n\n\n<p>L\u2019histoire offre toujours des possibles, c\u2019est-\u00e0-dire un choix entre plusieurs termes, entre plusieurs directions, entre plusieurs sc\u00e9narios. C\u2019est ce tournant qui agite la majorit\u00e9 pr\u00e9sidentielle, soumise \u00e0 des vents contraires, somm\u00e9e d\u2019op\u00e9rer un choix d\u00e9cisif dans cette nouvelle s\u00e9quence ouverte par la d\u00e9claration historique du Pr\u00e9sident Macky Sall, leader de la coalition Benno Bokk Yaakaar.<\/p>\n\n\n\n<p>Pour ma part, le choix est d\u2019une limpidit\u00e9 aveuglante: le parti SENEGAL. C\u2019est cette r\u00e9alit\u00e9 objective qui transcende les ego, les humeurs et les rumeurs, c\u2019est cette nation dans son \u00e9ternit\u00e9 et ce pays dans sa grandeur, c\u2019est donc le S\u00e9n\u00e9gal qui est et demeure le souffle salutaire en chacun de nous. Soyons les bergers attentifs de cette terre natale, ouverte et hospitali\u00e8re; soyons ces bergers qui consid\u00e8rent que sont d\u2019ici tous ceux qui vivent ici.<\/p>\n\n\n\n<p>Nous voil\u00e0 donc, ici, sous l\u2019\u0153il vigilant de l\u2019histoire, sous le regard lucide de notre peuple, adjoints au geste sublime de d\u00e9position de nos \u00ab raisons \u00bb particuli\u00e8res. Nous voil\u00e0 , en ce moment, dans l\u2019obligation de mise \u00e0 la disposition au profit du S\u00e9n\u00e9gal, de nos comp\u00e9tences individuelles.<\/p>\n\n\n\n<p>C\u2019est sous cet angle qu\u2019il faut comprendre le mot du Pr\u00e9sident Macky Sall \u00e0 qui nous avons tous donn\u00e9 mandat de consulter et de nous proposer le candidat le plus apte \u00e0 nous conduire vers la victoire pour continuer la marche de notre peuple vers les \u00ab cit\u00e9s de lumi\u00e8re \u00bb. C\u2019est donc pour cette raison que nous faisons confiance au Pr\u00e9sident Sall qui, en s\u2019\u00e9levant aux plus hautes altitudes pour ne consid\u00e9rer que le Pays, indique que le choix ne peut se fonder que sur des crit\u00e8res objectifs.<\/p>\n\n\n\n<p>Voil\u00e0 pourquoi la majorit\u00e9 pr\u00e9sidentielle doit signer le pacte avec la vision collective au d\u00e9triment des \u00e9chapp\u00e9es solitaires. Le salut r\u00e9side dans le seul mot d\u2019ordre qui ob\u00e9it, en ce moment, \u00e0 cette d\u00e9marche : tous derri\u00e8re le candidat d\u00e9sign\u00e9 OBJECTIVEMENT par le Pr\u00e9sident Sall pour une victoire d\u00e8s le premier tour de la pr\u00e9sidentielle de f\u00e9vrier 2024.<\/p>\n\n\n\n<p>Il est clair que notre d\u00e9mocratie entre dans un cycle qui sera marqu\u00e9 forc\u00e9ment par une dynamique de compromis et de qu\u00eate permanente de consensus. C\u2019est la raison pour laquelle celui qui sera choisi devra \u00eatre r\u00e9solument f\u00e9d\u00e9rateur et ouvert aux camarades provisoirement adversaires qui sont tous m\u00e9ritants. Et, au-del\u00e0 de ces derniers, \u00eatre rassembleur de toutes les forces vives de la nation.<\/p>\n\n\n\n<p>Alors, et seulement alors, nous gagnerons ensemble et gouvernerons ensemble, portant ainsi au pinacle du mod\u00e8le d\u00e9mocratique l\u2019exp\u00e9rience exemplaire de gestion partag\u00e9e du pouvoir qui a marqu\u00e9 ces douze derni\u00e8res ann\u00e9es. Avec la claire conscience que l\u2019enjeu supr\u00eame, le seul qui vaille est celui du destin national.<\/p>\n\n\n\n<p>El Hadj H. Kass\u00e9<\/p>\n","protected":false},"excerpt":{"rendered":"<p>Le S\u00e9n\u00e9gal est \u00e0 la crois\u00e9e des chemins. Que cette expression paraisse galvaud\u00e9e \u00e0 certains n\u2019enl\u00e8ve en rien sa grave<\/p>\n","protected":false},"author":1,"featured_media":17376,"comment_status":"open","ping_status":"open","sticky":false,"template":"","format":"standard","meta":{"footnotes":""},"categories":[6],"tags":[],"class_list":["post-17375","post","type-post","status-publish","format-standard","has-post-thumbnail","hentry","category-politics"],"_links":{"self":[{"href":"https:\/\/dekkbi.com\/index.php?rest_route=\/wp\/v2\/posts\/17375","targetHints":{"allow":["GET"]}}],"collection":[{"href":"https:\/\/dekkbi.com\/index.php?rest_route=\/wp\/v2\/posts"}],"about":[{"href":"https:\/\/dekkbi.com\/index.php?rest_route=\/wp\/v2\/types\/post"}],"author":[{"embeddable":true,"href":"https:\/\/dekkbi.com\/index.php?rest_route=\/wp\/v2\/users\/1"}],"replies":[{"embeddable":true,"href":"https:\/\/dekkbi.com\/index.php?rest_route=%2Fwp%2Fv2%2Fcomments&post=17375"}],"version-history":[{"count":1,"href":"https:\/\/dekkbi.com\/index.php?rest_route=\/wp\/v2\/posts\/17375\/revisions"}],"predecessor-version":[{"id":17377,"href":"https:\/\/dekkbi.com\/index.php?rest_route=\/wp\/v2\/posts\/17375\/revisions\/17377"}],"wp:featuredmedia":[{"embeddable":true,"href":"https:\/\/dekkbi.com\/index.php?rest_route=\/wp\/v2\/media\/17376"}],"wp:attachment":[{"href":"https:\/\/dekkbi.com\/index.php?rest_route=%2Fwp%2Fv2%2Fmedia&parent=17375"}],"wp:term":[{"taxonomy":"category","embeddable":true,"href":"https:\/\/dekkbi.com\/index.php?rest_route=%2Fwp%2Fv2%2Fcategories&post=17375"},{"taxonomy":"post_tag","embeddable":true,"href":"https:\/\/dekkbi.com\/index.php?rest_route=%2Fwp%2Fv2%2Ftags&post=17375"}],"curies":[{"name":"wp","href":"https:\/\/api.w.org\/{rel}","templated":true}]}}