{"id":17320,"date":"2023-07-24T09:16:21","date_gmt":"2023-07-24T09:16:21","guid":{"rendered":"https:\/\/dekkbi.com\/?p=17320"},"modified":"2023-07-24T09:16:23","modified_gmt":"2023-07-24T09:16:23","slug":"condamne-a-verser-168-milliards-a-bibo-bourgi-letat-sexplique","status":"publish","type":"post","link":"https:\/\/dekkbi.com\/?p=17320","title":{"rendered":"Condamn\u00e9 \u00e0 verser 168 milliards \u00e0 Bibo Bourgi, l\u2019Etat s\u2019explique !"},"content":{"rendered":"\n<p>GFM &#8211; (Dakar) Apr\u00e8s sa condamnation par la Cour de r\u00e9pression de l\u2019enrichissement illicite et la sisie de ses biens, Bibo Bourgi a poursuivi l\u2019Etat du S\u00e9n\u00e9gal \u00e0 l\u2019\u00e9tranger. La justice fran\u00e7aise a confirm\u00e9 la condamnation de l\u2019Etat du S\u00e9n\u00e9gal \u00e0 d\u00e9dommager l\u2019homme d\u2019affaires Franco-s\u00e9n\u00e9galais d\u2019origine libanaise, \u00e0 hauteur de 256, 8 millions d\u2019euros. Le gouvernement vient de r\u00e9agir.<\/p>\n\n\n\n<p>Apr\u00e8s le Tribunal arbitral de paris, la Justice fran\u00e7aise a condamn\u00e9 L\u2019Etat du S\u00e9n\u00e9gal \u00e0 d\u00e9dommager Bibo Bourgi \u00e0 hauteur de 156,8 millions d\u2019euros. Le gouvernement du S\u00e9n\u00e9gal a tenu \u00e0 donner sa version.<\/p>\n\n\n\n<p>Dans un communiqu\u00e9 de presse, le ministre du Budget explique que Bibo Bourgi, qui fut condamn\u00e9 par la Cour de R\u00e9pression de l&rsquo;Enrichissement illicite (Crei), avait \u00e9cop\u00e9 d\u2019une amende de 138.2 milliards de francs Cfa. \u00abD\u00e9cision dont l&rsquo;ex\u00e9cution entreprise a permis la saisie de plusieurs biens du susnomm\u00e9 au S\u00e9n\u00e9gal\u00bb, rappelle Mamadou Moustapha B\u00e2.<\/p>\n\n\n\n<p>Le ministre rappelle que Bibo Bourgi s&rsquo;\u00e9tait pr\u00e9valu de sa qualit\u00e9 d&rsquo;homme d&rsquo;affaires de nationalit\u00e9 fran\u00e7aise pour saisir le Tribunal arbitral de Paris, \u00abqui avait retenu un principe de r\u00e9paration quant au pr\u00e9judice qui r\u00e9sulterait de l&rsquo;ex\u00e9cution dudit arr\u00eat.\u00bb<\/p>\n\n\n\n<p><br>Aussi, l\u2019argentier de l\u2019Etat indique que \u00abla Cour de Cassation fran\u00e7aise s&rsquo;est prononc\u00e9e dans le sens d&rsquo;un rejet non sp\u00e9cialement motiv\u00e9, sans trancher les questions de fond soulev\u00e9es dans le pourvoi, rendant par cons\u00e9quent la d\u00e9cision du Tribunal arbitral de Paris effective.\u00bb<\/p>\n\n\n\n<p><br>Mais, l\u2019Etat va-t-il verser ladite somme au co-accus\u00e9 de Karim Wade ? \u00abIl y a lieu de pr\u00e9ciser que le S\u00e9n\u00e9gal est un Etat souverain, b\u00e9n\u00e9ficiant d&rsquo;une immunit\u00e9 d&rsquo;ex\u00e9cution rendant impossible toute mesure d&rsquo;ex\u00e9cution forc\u00e9e sur ses biens. D&rsquo;ailleurs, \u00e0 ce stade, aucun bien appartenant au S\u00e9n\u00e9gal n&rsquo;a fait l&rsquo;objet de saisie\u00bb, dit le ministre.<\/p>\n\n\n\n<p>Il d\u00e9clare que l&rsquo;Etat n&rsquo;a \u00e9t\u00e9 condamn\u00e9 \u00e0 un quelconque paiement au profit de Bibo Bourgi. Pour lui, la sentence pr\u00e9cit\u00e9e a simplement allou\u00e9 \u00e0 ce dernier l&rsquo;\u00e9quivalent de l&rsquo;amende en plus d&rsquo;un suppos\u00e9 pr\u00e9judice financier et moral et exclusivement dans l&rsquo;hypoth\u00e8se o\u00f9 l&rsquo;arr\u00eat de la CREI venait \u00e0 \u00eatre effectivement ex\u00e9cut\u00e9 par l&rsquo;Etat, afin de pr\u00e9venir et neutraliser les effets d&rsquo;un tel recouvrement.<\/p>\n","protected":false},"excerpt":{"rendered":"<p>GFM &#8211; (Dakar) Apr\u00e8s sa condamnation par la Cour de r\u00e9pression de l\u2019enrichissement illicite et la sisie de ses biens,<\/p>\n","protected":false},"author":1,"featured_media":17321,"comment_status":"open","ping_status":"open","sticky":false,"template":"","format":"standard","meta":{"footnotes":""},"categories":[6],"tags":[],"class_list":["post-17320","post","type-post","status-publish","format-standard","has-post-thumbnail","hentry","category-politics"],"_links":{"self":[{"href":"https:\/\/dekkbi.com\/index.php?rest_route=\/wp\/v2\/posts\/17320","targetHints":{"allow":["GET"]}}],"collection":[{"href":"https:\/\/dekkbi.com\/index.php?rest_route=\/wp\/v2\/posts"}],"about":[{"href":"https:\/\/dekkbi.com\/index.php?rest_route=\/wp\/v2\/types\/post"}],"author":[{"embeddable":true,"href":"https:\/\/dekkbi.com\/index.php?rest_route=\/wp\/v2\/users\/1"}],"replies":[{"embeddable":true,"href":"https:\/\/dekkbi.com\/index.php?rest_route=%2Fwp%2Fv2%2Fcomments&post=17320"}],"version-history":[{"count":1,"href":"https:\/\/dekkbi.com\/index.php?rest_route=\/wp\/v2\/posts\/17320\/revisions"}],"predecessor-version":[{"id":17322,"href":"https:\/\/dekkbi.com\/index.php?rest_route=\/wp\/v2\/posts\/17320\/revisions\/17322"}],"wp:featuredmedia":[{"embeddable":true,"href":"https:\/\/dekkbi.com\/index.php?rest_route=\/wp\/v2\/media\/17321"}],"wp:attachment":[{"href":"https:\/\/dekkbi.com\/index.php?rest_route=%2Fwp%2Fv2%2Fmedia&parent=17320"}],"wp:term":[{"taxonomy":"category","embeddable":true,"href":"https:\/\/dekkbi.com\/index.php?rest_route=%2Fwp%2Fv2%2Fcategories&post=17320"},{"taxonomy":"post_tag","embeddable":true,"href":"https:\/\/dekkbi.com\/index.php?rest_route=%2Fwp%2Fv2%2Ftags&post=17320"}],"curies":[{"name":"wp","href":"https:\/\/api.w.org\/{rel}","templated":true}]}}