{"id":1729,"date":"2022-10-14T10:26:21","date_gmt":"2022-10-14T10:26:21","guid":{"rendered":"https:\/\/dekkbi.com\/?p=1729"},"modified":"2022-10-14T10:26:22","modified_gmt":"2022-10-14T10:26:22","slug":"elu-vice-president-du-fonds-mondial-pour-le-developpement-des-villes-le-message-de-bougane-a-barthelemy-dias","status":"publish","type":"post","link":"https:\/\/dekkbi.com\/?p=1729","title":{"rendered":"Elu vice-pr\u00e9sident du Fonds mondial pour le d\u00e9veloppement des villes: le message de Bougane \u00e0 Barth\u00e9lemy Dias"},"content":{"rendered":"\n<h3 class=\"wp-block-heading\">Le maire de la ville de Dakar Barth\u00e9l\u00e9my Dias a \u00e9t\u00e9 \u00e9lu, ce jeudi 13 octobre 2022, Vice-pr\u00e9sident du Fonds Mondial pour le D\u00e9veloppement des Villes (FMDV).<\/h3>\n\n\n\n<p>https:\/\/www.facebook.com\/plugins\/like.php?href=https%3A%2F%2Fwww.leral.net%2FElu-vice-president-du-Fonds-mondial-pour-le-developpement-des-villes-le-message-de-Bougane-a-Barthelemy-<\/p>\n\n\n\n<p>Ce, en marge du 7\u00e8me congr\u00e8s mondial des Cit\u00e9s et Gouvernements Locaux Unis (CGLU Monde) qui s\u2019est qui a eu lieu lors de l\u2019Assembl\u00e9e G\u00e9n\u00e9rale du Conseil Mondial et du Bureau Ex\u00e9cutif.<\/p>\n\n\n\n<p>Suite \u00e0 cette \u00e9lection, le leader du mouvement Geum sa bopp Bougane Gueye Dany a congratul\u00e9 le maire de Dakar. \u00ab Vives f\u00e9licitations au D\u00e9put\u00e9-Maire Barth\u00e9l\u00e9my Diaz \u00e9lu vice Pr\u00e9sident du Fond mondial pour le d\u00e9veloppement des villes. \u00bb, s\u2019est-il r\u00e9joui.<\/p>\n\n\n\n<p>Mr Ndao B<\/p>\n","protected":false},"excerpt":{"rendered":"<p>Le maire de la ville de Dakar Barth\u00e9l\u00e9my Dias a \u00e9t\u00e9 \u00e9lu, ce jeudi 13 octobre 2022, Vice-pr\u00e9sident du Fonds<\/p>\n","protected":false},"author":1,"featured_media":1730,"comment_status":"open","ping_status":"open","sticky":false,"template":"","format":"standard","meta":{"footnotes":""},"categories":[6],"tags":[],"class_list":["post-1729","post","type-post","status-publish","format-standard","has-post-thumbnail","hentry","category-politics"],"_links":{"self":[{"href":"https:\/\/dekkbi.com\/index.php?rest_route=\/wp\/v2\/posts\/1729","targetHints":{"allow":["GET"]}}],"collection":[{"href":"https:\/\/dekkbi.com\/index.php?rest_route=\/wp\/v2\/posts"}],"about":[{"href":"https:\/\/dekkbi.com\/index.php?rest_route=\/wp\/v2\/types\/post"}],"author":[{"embeddable":true,"href":"https:\/\/dekkbi.com\/index.php?rest_route=\/wp\/v2\/users\/1"}],"replies":[{"embeddable":true,"href":"https:\/\/dekkbi.com\/index.php?rest_route=%2Fwp%2Fv2%2Fcomments&post=1729"}],"version-history":[{"count":1,"href":"https:\/\/dekkbi.com\/index.php?rest_route=\/wp\/v2\/posts\/1729\/revisions"}],"predecessor-version":[{"id":1731,"href":"https:\/\/dekkbi.com\/index.php?rest_route=\/wp\/v2\/posts\/1729\/revisions\/1731"}],"wp:featuredmedia":[{"embeddable":true,"href":"https:\/\/dekkbi.com\/index.php?rest_route=\/wp\/v2\/media\/1730"}],"wp:attachment":[{"href":"https:\/\/dekkbi.com\/index.php?rest_route=%2Fwp%2Fv2%2Fmedia&parent=1729"}],"wp:term":[{"taxonomy":"category","embeddable":true,"href":"https:\/\/dekkbi.com\/index.php?rest_route=%2Fwp%2Fv2%2Fcategories&post=1729"},{"taxonomy":"post_tag","embeddable":true,"href":"https:\/\/dekkbi.com\/index.php?rest_route=%2Fwp%2Fv2%2Ftags&post=1729"}],"curies":[{"name":"wp","href":"https:\/\/api.w.org\/{rel}","templated":true}]}}