{"id":17279,"date":"2023-07-22T11:09:28","date_gmt":"2023-07-22T11:09:28","guid":{"rendered":"https:\/\/dekkbi.com\/?p=17279"},"modified":"2023-07-22T11:09:28","modified_gmt":"2023-07-22T11:09:28","slug":"la-pression-encore-monte-dun-cran-mbappe-ecarte-du-groupe-du-psg-pour-le-stage-au-japon","status":"publish","type":"post","link":"https:\/\/dekkbi.com\/?p=17279","title":{"rendered":"La pression (encore) monte d&rsquo;un cran: Mbapp\u00e9 \u00e9cart\u00e9 du groupe du PSG pour le stage au Japon"},"content":{"rendered":"\n<p>L\u2019attaquant Kylian Mbapp\u00e9 ne figure pas dans la liste communiqu\u00e9e vendredi par le Paris Saint-Germain pour sa tourn\u00e9e estivale au Japon, sans qu\u2019aucune explication ne soit donn\u00e9e par le PSG. L\u2019attaquant parisien, en conflit avec ses dirigeants concernant son avenir, a \u00e9t\u00e9 averti apr\u00e8s le premier match amical face au Havre (2-0), o\u00f9 l\u2019international fran\u00e7ais a inscrit un but, selon RMC Sport. En plein conflit entre le club et le joueur, cette mise \u00e0 l\u2019\u00e9cart pourrait signifier un d\u00e9part prochain du joueur de 24 ans. Le champion du monde serait officiellement \u00e0 vendre.<\/p>\n\n\n\n<p>SOURCE 7SUR,7<\/p>\n","protected":false},"excerpt":{"rendered":"<p>L\u2019attaquant Kylian Mbapp\u00e9 ne figure pas dans la liste communiqu\u00e9e vendredi par le Paris Saint-Germain pour sa tourn\u00e9e estivale au<\/p>\n","protected":false},"author":1,"featured_media":2101,"comment_status":"open","ping_status":"open","sticky":false,"template":"","format":"standard","meta":{"footnotes":""},"categories":[9],"tags":[],"class_list":["post-17279","post","type-post","status-publish","format-standard","has-post-thumbnail","hentry","category-sports"],"_links":{"self":[{"href":"https:\/\/dekkbi.com\/index.php?rest_route=\/wp\/v2\/posts\/17279","targetHints":{"allow":["GET"]}}],"collection":[{"href":"https:\/\/dekkbi.com\/index.php?rest_route=\/wp\/v2\/posts"}],"about":[{"href":"https:\/\/dekkbi.com\/index.php?rest_route=\/wp\/v2\/types\/post"}],"author":[{"embeddable":true,"href":"https:\/\/dekkbi.com\/index.php?rest_route=\/wp\/v2\/users\/1"}],"replies":[{"embeddable":true,"href":"https:\/\/dekkbi.com\/index.php?rest_route=%2Fwp%2Fv2%2Fcomments&post=17279"}],"version-history":[{"count":1,"href":"https:\/\/dekkbi.com\/index.php?rest_route=\/wp\/v2\/posts\/17279\/revisions"}],"predecessor-version":[{"id":17280,"href":"https:\/\/dekkbi.com\/index.php?rest_route=\/wp\/v2\/posts\/17279\/revisions\/17280"}],"wp:featuredmedia":[{"embeddable":true,"href":"https:\/\/dekkbi.com\/index.php?rest_route=\/wp\/v2\/media\/2101"}],"wp:attachment":[{"href":"https:\/\/dekkbi.com\/index.php?rest_route=%2Fwp%2Fv2%2Fmedia&parent=17279"}],"wp:term":[{"taxonomy":"category","embeddable":true,"href":"https:\/\/dekkbi.com\/index.php?rest_route=%2Fwp%2Fv2%2Fcategories&post=17279"},{"taxonomy":"post_tag","embeddable":true,"href":"https:\/\/dekkbi.com\/index.php?rest_route=%2Fwp%2Fv2%2Ftags&post=17279"}],"curies":[{"name":"wp","href":"https:\/\/api.w.org\/{rel}","templated":true}]}}