{"id":17276,"date":"2023-07-22T11:06:45","date_gmt":"2023-07-22T11:06:45","guid":{"rendered":"https:\/\/dekkbi.com\/?p=17276"},"modified":"2023-07-22T11:06:46","modified_gmt":"2023-07-22T11:06:46","slug":"a-brazzaville-doudou-ka-plaide-pour-lamelioration-des-performances-de-lasecna","status":"publish","type":"post","link":"https:\/\/dekkbi.com\/?p=17276","title":{"rendered":"A Brazzaville, Doudou Ka, plaide pour l\u2019am\u00e9lioration des performances de l\u2019ASECNA"},"content":{"rendered":"\n<p>Dakar, 22 juil (APS) \u2013 Le ministre s\u00e9n\u00e9galais des Transports a\u00e9riens et du d\u00e9veloppement des Infrastructures a\u00e9roportuaires, Doudou Ka a plaid\u00e9, vendredi, \u00e0 Brazzaville, pour l\u2019am\u00e9lioration des performances de l\u2019Agence pour la S\u00e9curit\u00e9 de la navigation a\u00e9rienne en Afrique et \u00e0 Madagascar (ASECNA), a-t-on appris aupr\u00e8s de ses services.M. Ka a fait ce plaidoyer \u00e0 l\u2019occasion de la 72e r\u00e9union du Comit\u00e9 des ministres de l\u2019Agence pour la S\u00e9curit\u00e9 de la navigation a\u00e9rienne en Afrique et \u00e0 Madagascar (ASECNA). Il \u00e9tait accompagn\u00e9 du Directeur des Transports a\u00e9riens Oumar Khassimou Dia et du Directeur g\u00e9n\u00e9ral de l\u2019Anacim Sidy Gu\u00e8ye, de l\u2019ambassadeur du S\u00e9n\u00e9gal au Congo, Abou L\u00f4.Au cours de la rencontre, il a soulign\u00e9 \u2018\u2019l\u2019engagement continu du S\u00e9n\u00e9gal\u2019\u2019 envers l\u2019agence, indique un communiqu\u00e9 transmis \u00e0 l\u2019APS.La m\u00eame source signale qu\u2019\u00e0 Brazzaville, les ministres en charge de l\u2019aviation civile ont \u00e9voqu\u00e9 \u2018\u2019les performances techniques et financi\u00e8res de l\u2019Agence, ainsi que la r\u00e9vision technique du statut unique du personnel et du code de r\u00e9mun\u00e9ration du personnel\u2019\u2019.Elle rappelle que \u2018\u2019ces deux derniers points ont \u00e9t\u00e9 au centre des discussions au mois de septembre\u2019\u2019.Devant ses homologues, Doudou Ka a soulign\u00e9  \u00bbsa ferme volont\u00e9 d\u2019am\u00e9liorer les performances de l\u2019Agence et de renforcer davantage les liens entre les pays membres pour garantir le d\u00e9veloppement d\u2019un transport a\u00e9rien s\u00fbr et efficace dans la r\u00e9gion\u2019\u2019.Il estime que  \u00bbla r\u00e9union a permis de proposer des solutions innovantes \u00bb.Le ministre a \u00e9galement soulign\u00e9 \u2018\u2019la volont\u00e9 d\u2019am\u00e9liorer et de moderniser les infrastructures a\u00e9roportuaires et les syst\u00e8mes de navigation a\u00e9rienne en Afrique et \u00e0 Madagascar mais aussi de renforcer la coh\u00e9sion sociale au sein de l\u2019Agence\u2019\u2019.A Brazzaville, il a ainsi \u00e9t\u00e9 question de l\u2019\u00e9tat d\u2019avancement des projets du syst\u00e8me de surveillance par satellite et de navigation par satellite, du d\u00e9veloppement continu du secteur de l\u2019aviation en Afrique, du renforcement de la coop\u00e9ration r\u00e9gionale et internationale en mati\u00e8re de s\u00e9curit\u00e9 et de navigation a\u00e9rienne, lit-on dans le document.Le texte signale que les ministres  \u00bbont d\u00e9cid\u00e9 de d\u00e9velopper des partenariats solides avec d\u2019autres agences r\u00e9gionales et internationales comme la CAFAC afin de partager (les) meilleures pratiques et de mettre en place des normes de s\u00e9curit\u00e9 communes \u00bb.La formation ad\u00e9quate du personnel de l\u2019aviation \u00e9tait \u00e9galement au c\u0153ur des d\u00e9bats, selon le  communiqu\u00e9, soulignant que \u2018\u2019des programmes de formation et de renforcement des capacit\u00e9s pour les contr\u00f4leurs a\u00e9riens, les ing\u00e9nieurs et les techniciens de navigation a\u00e9rienne seront mis en place \u00bb.OID<\/p>\n","protected":false},"excerpt":{"rendered":"<p>Dakar, 22 juil (APS) \u2013 Le ministre s\u00e9n\u00e9galais des Transports a\u00e9riens et du d\u00e9veloppement des Infrastructures a\u00e9roportuaires, Doudou Ka a<\/p>\n","protected":false},"author":1,"featured_media":17277,"comment_status":"open","ping_status":"open","sticky":false,"template":"","format":"standard","meta":{"footnotes":""},"categories":[3],"tags":[],"class_list":["post-17276","post","type-post","status-publish","format-standard","has-post-thumbnail","hentry","category-event-more-news"],"_links":{"self":[{"href":"https:\/\/dekkbi.com\/index.php?rest_route=\/wp\/v2\/posts\/17276","targetHints":{"allow":["GET"]}}],"collection":[{"href":"https:\/\/dekkbi.com\/index.php?rest_route=\/wp\/v2\/posts"}],"about":[{"href":"https:\/\/dekkbi.com\/index.php?rest_route=\/wp\/v2\/types\/post"}],"author":[{"embeddable":true,"href":"https:\/\/dekkbi.com\/index.php?rest_route=\/wp\/v2\/users\/1"}],"replies":[{"embeddable":true,"href":"https:\/\/dekkbi.com\/index.php?rest_route=%2Fwp%2Fv2%2Fcomments&post=17276"}],"version-history":[{"count":1,"href":"https:\/\/dekkbi.com\/index.php?rest_route=\/wp\/v2\/posts\/17276\/revisions"}],"predecessor-version":[{"id":17278,"href":"https:\/\/dekkbi.com\/index.php?rest_route=\/wp\/v2\/posts\/17276\/revisions\/17278"}],"wp:featuredmedia":[{"embeddable":true,"href":"https:\/\/dekkbi.com\/index.php?rest_route=\/wp\/v2\/media\/17277"}],"wp:attachment":[{"href":"https:\/\/dekkbi.com\/index.php?rest_route=%2Fwp%2Fv2%2Fmedia&parent=17276"}],"wp:term":[{"taxonomy":"category","embeddable":true,"href":"https:\/\/dekkbi.com\/index.php?rest_route=%2Fwp%2Fv2%2Fcategories&post=17276"},{"taxonomy":"post_tag","embeddable":true,"href":"https:\/\/dekkbi.com\/index.php?rest_route=%2Fwp%2Fv2%2Ftags&post=17276"}],"curies":[{"name":"wp","href":"https:\/\/api.w.org\/{rel}","templated":true}]}}