{"id":17273,"date":"2023-07-22T11:01:25","date_gmt":"2023-07-22T11:01:25","guid":{"rendered":"https:\/\/dekkbi.com\/?p=17273"},"modified":"2023-07-22T11:01:26","modified_gmt":"2023-07-22T11:01:26","slug":"un-samedi-classe-rouge-sur-les-routes-deurope-pour-les-departs-en-vacances","status":"publish","type":"post","link":"https:\/\/dekkbi.com\/?p=17273","title":{"rendered":"Un samedi class\u00e9 rouge sur les routes d\u2019Europe pour les d\u00e9parts en vacances"},"content":{"rendered":"\n<p><strong>La journ\u00e9e de samedi est class\u00e9e rouge sur les routes europ\u00e9ennes pour les d\u00e9parts en vacances. Les automobilistes devront prendre leur mal en patience de 08h00 \u00e0 16h00, avec un pic d\u2019embouteillage pr\u00e9vu vers midi, a indiqu\u00e9 vers 08h00 la soci\u00e9t\u00e9 belge d\u2019assistance aux automobilistes, Touring.<\/strong><\/p>\n\n\n\n<p>Au petit matin, le trafic \u00e9tait d\u00e9j\u00e0 tr\u00e8s dense en&nbsp;<strong>France<\/strong>, m\u00eame s\u2019il restait fluide. Touring d\u00e9nombrait 100 km de file au total (dont la moiti\u00e9 sur la A7 reliant Lyon et Orange dans la vall\u00e9e du Rh\u00f4ne), ainsi qu\u2019une heure d\u2019attente au tunnel du Mont Blanc en direction de l\u2019Italie.<\/p>\n\n\n\n<p>La circulation \u00e9tait \u00e9galement tr\u00e8s charg\u00e9e dans le sud de l\u2019<strong>Allemagne<\/strong>, o\u00f9 cinq kilom\u00e8tres de file s\u2019\u00e9tiraient avant la fronti\u00e8re sur l\u2019A8 en direction de Salzbourg.<\/p>\n\n\n\n<p>En&nbsp;<strong>Autriche<\/strong>, les automobilistes roulaient au ralenti sur l\u2019A13 Innsbruck-Brenner-Italie, l\u2019A10 Salzbourg-Villach en direction de la Slov\u00e9nie avant le tunnel Tauern et sur l\u2019A11 Villach-Slov\u00e9nie avant le tunnel Karawanken, provoquant une heure de retard sur ce tron\u00e7on.<\/p>\n\n\n\n<p>En&nbsp;<strong>Suisse<\/strong>, un embouteillage de 15 km serpentait sur l\u2019autoroute A2 devant le portail nord du tunnel du Gothard, imposant 02h30 de retard sur ce segment.<\/p>\n","protected":false},"excerpt":{"rendered":"<p>La journ\u00e9e de samedi est class\u00e9e rouge sur les routes europ\u00e9ennes pour les d\u00e9parts en vacances. Les automobilistes devront prendre<\/p>\n","protected":false},"author":1,"featured_media":17274,"comment_status":"open","ping_status":"open","sticky":false,"template":"","format":"standard","meta":{"footnotes":""},"categories":[51],"tags":[],"class_list":["post-17273","post","type-post","status-publish","format-standard","has-post-thumbnail","hentry","category-general"],"_links":{"self":[{"href":"https:\/\/dekkbi.com\/index.php?rest_route=\/wp\/v2\/posts\/17273","targetHints":{"allow":["GET"]}}],"collection":[{"href":"https:\/\/dekkbi.com\/index.php?rest_route=\/wp\/v2\/posts"}],"about":[{"href":"https:\/\/dekkbi.com\/index.php?rest_route=\/wp\/v2\/types\/post"}],"author":[{"embeddable":true,"href":"https:\/\/dekkbi.com\/index.php?rest_route=\/wp\/v2\/users\/1"}],"replies":[{"embeddable":true,"href":"https:\/\/dekkbi.com\/index.php?rest_route=%2Fwp%2Fv2%2Fcomments&post=17273"}],"version-history":[{"count":1,"href":"https:\/\/dekkbi.com\/index.php?rest_route=\/wp\/v2\/posts\/17273\/revisions"}],"predecessor-version":[{"id":17275,"href":"https:\/\/dekkbi.com\/index.php?rest_route=\/wp\/v2\/posts\/17273\/revisions\/17275"}],"wp:featuredmedia":[{"embeddable":true,"href":"https:\/\/dekkbi.com\/index.php?rest_route=\/wp\/v2\/media\/17274"}],"wp:attachment":[{"href":"https:\/\/dekkbi.com\/index.php?rest_route=%2Fwp%2Fv2%2Fmedia&parent=17273"}],"wp:term":[{"taxonomy":"category","embeddable":true,"href":"https:\/\/dekkbi.com\/index.php?rest_route=%2Fwp%2Fv2%2Fcategories&post=17273"},{"taxonomy":"post_tag","embeddable":true,"href":"https:\/\/dekkbi.com\/index.php?rest_route=%2Fwp%2Fv2%2Ftags&post=17273"}],"curies":[{"name":"wp","href":"https:\/\/api.w.org\/{rel}","templated":true}]}}