{"id":17183,"date":"2023-07-21T09:18:24","date_gmt":"2023-07-21T09:18:24","guid":{"rendered":"https:\/\/dekkbi.com\/?p=17183"},"modified":"2023-07-21T09:18:26","modified_gmt":"2023-07-21T09:18:26","slug":"tamkharite-2023-la-conacoc-et-la-coordination-des-musulman-sur-la-meme-onde","status":"publish","type":"post","link":"https:\/\/dekkbi.com\/?p=17183","title":{"rendered":"Tamkharite 2023 : La Conacoc et la Coordination des musulman sur la m\u00eame onde"},"content":{"rendered":"\n<p>Le nouvel an musulman ne sera pas c\u00e9l\u00e9br\u00e9 dans la nuit du vendredi 28 au samedi 29 juillet 2023, du moins pour la Commission nationale de concertation sur le croissant lunaire.<\/p>\n\n\n\n<p>La Conacoc a publi\u00e9 un communiqu\u00e9 de rectification de d\u00e9claration. Un changement s\u2019est, en effet, op\u00e9r\u00e9 apr\u00e8s une pr\u00e9cision du Khalife g\u00e9n\u00e9ral des mourides.<\/p>\n\n\n\n<p>\u00ab La Commission nationale de concertation sur le croissant lunaire s\u2019est r\u00e9unie mercredi 19 juillet 2023 pour statuer \u00e0 nouveau sur le changement intervenu du khalife g\u00e9n\u00e9ral de Touba informant que le croissant lunaire a \u00e9t\u00e9 aper\u00e7u \u00e0 Bark\u00e9dji, Saraya et Touba, en accord avec tous les foyers religieux \u00bb lit-on dans le communiqu\u00e9.<\/p>\n\n\n\n<p>Maintenant, la f\u00eate de la Tamkharite va avoir lieu dans la nuit du jeudi 27 au vendredi 28 juillet 2023.<\/p>\n\n\n\n<p>La Conacoc s\u2019\u00e9tait pr\u00e9alablement r\u00e9unie le 18 juillet 2023. Elle d\u00e9clarait n\u2019avoir aper\u00e7u le croissant lunaire dans aucune localit\u00e9 du S\u00e9n\u00e9gal. En cons\u00e9quence, le Jeudi 20 Juillet 2023 \u00e9tait consid\u00e9r\u00e9 comme le premier jour du mois lunaire Muharram. La f\u00eate de la Tamkharite c\u00e9l\u00e9br\u00e9e dans la nuit du Vendredi 28 au samedi 29 Juillet 2023.<\/p>\n\n\n\n<p>Un\u00a0communiqu\u00e9 de la Coordination des Musulmans du S\u00e9n\u00e9gal\u00a0(Cms) avait pr\u00e9c\u00e9d\u00e9 celui de la Conacoc.<\/p>\n\n\n\n<p>La Coordination, s\u2019\u00e9tant r\u00e9unie, informait que le vendredi 28 juillet 2023 est le jour de la Tamkharite, il correspond au 10 jour du mois de Muharam.<\/p>\n","protected":false},"excerpt":{"rendered":"<p>Le nouvel an musulman ne sera pas c\u00e9l\u00e9br\u00e9 dans la nuit du vendredi 28 au samedi 29 juillet 2023, du<\/p>\n","protected":false},"author":1,"featured_media":14370,"comment_status":"open","ping_status":"open","sticky":false,"template":"","format":"standard","meta":{"footnotes":""},"categories":[21],"tags":[],"class_list":["post-17183","post","type-post","status-publish","format-standard","has-post-thumbnail","hentry","category-societe"],"_links":{"self":[{"href":"https:\/\/dekkbi.com\/index.php?rest_route=\/wp\/v2\/posts\/17183","targetHints":{"allow":["GET"]}}],"collection":[{"href":"https:\/\/dekkbi.com\/index.php?rest_route=\/wp\/v2\/posts"}],"about":[{"href":"https:\/\/dekkbi.com\/index.php?rest_route=\/wp\/v2\/types\/post"}],"author":[{"embeddable":true,"href":"https:\/\/dekkbi.com\/index.php?rest_route=\/wp\/v2\/users\/1"}],"replies":[{"embeddable":true,"href":"https:\/\/dekkbi.com\/index.php?rest_route=%2Fwp%2Fv2%2Fcomments&post=17183"}],"version-history":[{"count":1,"href":"https:\/\/dekkbi.com\/index.php?rest_route=\/wp\/v2\/posts\/17183\/revisions"}],"predecessor-version":[{"id":17184,"href":"https:\/\/dekkbi.com\/index.php?rest_route=\/wp\/v2\/posts\/17183\/revisions\/17184"}],"wp:featuredmedia":[{"embeddable":true,"href":"https:\/\/dekkbi.com\/index.php?rest_route=\/wp\/v2\/media\/14370"}],"wp:attachment":[{"href":"https:\/\/dekkbi.com\/index.php?rest_route=%2Fwp%2Fv2%2Fmedia&parent=17183"}],"wp:term":[{"taxonomy":"category","embeddable":true,"href":"https:\/\/dekkbi.com\/index.php?rest_route=%2Fwp%2Fv2%2Fcategories&post=17183"},{"taxonomy":"post_tag","embeddable":true,"href":"https:\/\/dekkbi.com\/index.php?rest_route=%2Fwp%2Fv2%2Ftags&post=17183"}],"curies":[{"name":"wp","href":"https:\/\/api.w.org\/{rel}","templated":true}]}}