{"id":17178,"date":"2023-07-21T09:13:28","date_gmt":"2023-07-21T09:13:28","guid":{"rendered":"https:\/\/dekkbi.com\/?p=17178"},"modified":"2023-07-21T09:13:29","modified_gmt":"2023-07-21T09:13:29","slug":"assemblee-nationale-une-motion-dajournement-des-debats-rejetee","status":"publish","type":"post","link":"https:\/\/dekkbi.com\/?p=17178","title":{"rendered":"Assembl\u00e9e nationale: Une motion d\u2019ajournement des d\u00e9bats rejet\u00e9e"},"content":{"rendered":"\n<p>L\u2019Assembl\u00e9e nationale a rejet\u00e9 la motion pr\u00e9judicielle du groupe parlementaire de la coalition Yewwi Askan Wi. La motion, pr\u00e9sent\u00e9e par le d\u00e9put\u00e9 Guy Marius Sagna, tendait \u00e0 l\u2019ajournement du d\u00e9bat portant sur le projet de loi n\u00b010-2023 portant r\u00e9vision de la Constitution jusqu\u2019\u00e0 la r\u00e9alisation de certaines conditions.<\/p>\n\n\n\n<p>La motion \u00e9voqu\u00e9e se fonde sur l\u2019article 75 de l\u2019Assembl\u00e9e national. Selon le parlementaire, le retrait de l\u2019article 87 de la loi constitutionnelle entraine le rejet de l\u2019ensemble du projet de loi. Guy Marius Sagna explique que \u00ab l\u2019expos\u00e9 des motifs fait partie int\u00e9grante de de la loi et celui-ci doit sauter en m\u00eame temps que la disposition concern\u00e9e \u00bb.<\/p>\n\n\n\n<p>\u00ab Le risque du manque d\u2019intelligibilit\u00e9 de la loi n\u2019est pas, non plus, \u00e0 n\u00e9gliger. Par cons\u00e9quent, il y a lieu de sursoir \u00e0 l\u2019examen des lois inscrites \u00e0 l\u2019ordre du jour jusqu\u2019\u00e0 une date ult\u00e9rieure fix\u00e9e par la conf\u00e9rence des pr\u00e9sidents \u00bb a d\u00e9clar\u00e9 le d\u00e9put\u00e9.<\/p>\n\n\n\n<p>Apr\u00e8s une intervention de Abdou Mbow disqualifiant les arguments relev\u00e9s, la motion soumise au vote a \u00e9t\u00e9 rejet\u00e9e par 33 voix pour, 93 contre et 9 abstentions.<\/p>\n","protected":false},"excerpt":{"rendered":"<p>L\u2019Assembl\u00e9e nationale a rejet\u00e9 la motion pr\u00e9judicielle du groupe parlementaire de la coalition Yewwi Askan Wi. La motion, pr\u00e9sent\u00e9e par<\/p>\n","protected":false},"author":1,"featured_media":3971,"comment_status":"open","ping_status":"open","sticky":false,"template":"","format":"standard","meta":{"footnotes":""},"categories":[6],"tags":[],"class_list":["post-17178","post","type-post","status-publish","format-standard","has-post-thumbnail","hentry","category-politics"],"_links":{"self":[{"href":"https:\/\/dekkbi.com\/index.php?rest_route=\/wp\/v2\/posts\/17178","targetHints":{"allow":["GET"]}}],"collection":[{"href":"https:\/\/dekkbi.com\/index.php?rest_route=\/wp\/v2\/posts"}],"about":[{"href":"https:\/\/dekkbi.com\/index.php?rest_route=\/wp\/v2\/types\/post"}],"author":[{"embeddable":true,"href":"https:\/\/dekkbi.com\/index.php?rest_route=\/wp\/v2\/users\/1"}],"replies":[{"embeddable":true,"href":"https:\/\/dekkbi.com\/index.php?rest_route=%2Fwp%2Fv2%2Fcomments&post=17178"}],"version-history":[{"count":1,"href":"https:\/\/dekkbi.com\/index.php?rest_route=\/wp\/v2\/posts\/17178\/revisions"}],"predecessor-version":[{"id":17179,"href":"https:\/\/dekkbi.com\/index.php?rest_route=\/wp\/v2\/posts\/17178\/revisions\/17179"}],"wp:featuredmedia":[{"embeddable":true,"href":"https:\/\/dekkbi.com\/index.php?rest_route=\/wp\/v2\/media\/3971"}],"wp:attachment":[{"href":"https:\/\/dekkbi.com\/index.php?rest_route=%2Fwp%2Fv2%2Fmedia&parent=17178"}],"wp:term":[{"taxonomy":"category","embeddable":true,"href":"https:\/\/dekkbi.com\/index.php?rest_route=%2Fwp%2Fv2%2Fcategories&post=17178"},{"taxonomy":"post_tag","embeddable":true,"href":"https:\/\/dekkbi.com\/index.php?rest_route=%2Fwp%2Fv2%2Ftags&post=17178"}],"curies":[{"name":"wp","href":"https:\/\/api.w.org\/{rel}","templated":true}]}}