{"id":17149,"date":"2023-07-20T12:44:24","date_gmt":"2023-07-20T12:44:24","guid":{"rendered":"https:\/\/dekkbi.com\/?p=17149"},"modified":"2023-07-20T15:50:08","modified_gmt":"2023-07-20T15:50:08","slug":"haut-commissariat-sattele-a-trouver-des-solutions-appropriees-au-depart-de-la-guinee-officiel","status":"publish","type":"post","link":"https:\/\/dekkbi.com\/?p=17149","title":{"rendered":"Place de la Nation : Le pr\u00e9fet interdit le rassemblement du F24, ce vendredi \u00a0"},"content":{"rendered":"\n<p>Le pr\u00e9fet de Dakar interdit le rassemblement des forces vives du S\u00e9n\u00e9gal (F24) pr\u00e9vu ce vendredi 21 juillet \u00e0 la place de la nation.<\/p>\n\n\n\n<ul class=\"wp-block-list\">\n<li>Le pr\u00e9fet de Dakar interdit le rassemblement de l&rsquo;opposition pr\u00e9vu le 21 juillet.<\/li>\n\n\n\n<li>La plateforme des forces vives de l&rsquo;opposition avait appel\u00e9 \u00e0 un rassemblement pacifique pour la lib\u00e9ration des d\u00e9tenus politiques.<\/li>\n\n\n\n<li>Les membres de la plateforme expriment leur pr\u00e9occupation concernant le respect des libert\u00e9s et la sauvegarde de la d\u00e9mocratie.<\/li>\n<\/ul>\n\n\n\n<p>Mor Talla Tine invoque comme d\u2019habitude des \u00ab&nbsp;risques de trouble \u00e0 l\u2019ordre public et une entrave \u00e0 la libre circulation des biens et des personnes.&nbsp;\u00bb<\/p>\n\n\n\n<p>La plateforme des forces vives du S\u00e9n\u00e9gal (F24) avait appel\u00e9 \u00e0 un rassemblement pacifique, le vendredi 21 juillet, pour la lib\u00e9ration des d\u00e9tenues politiques, entre autres points, apr\u00e8s celui du 12 mai. C\u2019est lors dune conf\u00e9rence de presse que ses membres l\u2019ont annonc\u00e9.<\/p>\n\n\n\n<p>Mamadou Mbodj, coordonnateur de ladite plateforme, avait fait savoir que les combats de l\u2019organisation ne se limitent pas seulement \u00e0 la non-candidature du pr\u00e9sident Macky Sall.<\/p>\n\n\n\n<p>&nbsp;\u00ab&nbsp;Le respect des libert\u00e9s, la lib\u00e9ration des d\u00e9tenus politiques, une \u00e9lection libre et transparente, la sauvegarde de la d\u00e9mocratie. On ne va pas accepter une \u00e9ni\u00e8me interdiction&nbsp;\u00bb, avait list\u00e9 le vice-coordonnateur du F24, entre autres pr\u00e9occupations.<\/p>\n\n\n\n<p>SOURCE SENEGO<a rel=\"noreferrer noopener\" href=\"https:\/\/www.facebook.com\/sharer\/sharer.php?u=https%3A%2F%2Fsenego.com%2Fplace-de-la-nation-le-prefet-interdit-le-rassemblement-du-f24-ce-vendredi_1574431.html\" target=\"_blank\"><\/a><a rel=\"noreferrer noopener\" href=\"https:\/\/twitter.com\/intent\/tweet?url=https%3A%2F%2Fsenego.com%2Fplace-de-la-nation-le-prefet-interdit-le-rassemblement-du-f24-ce-vendredi_1574431.html&amp;text=Place%20de%20la%20Nation%20%3A%20Le%20pr%C3%A9fet%20interdit%20le%20rassemblement%20du%20F24%2C%20ce%20vendredi\" target=\"_blank\"><\/a><a rel=\"noreferrer noopener\" href=\"\/\/send?text=Place%20de%20la%20Nation%20%3A%20Le%20pr%C3%A9fet%20interdit%20le%20rassemblement%20du%20F24%2C%20ce%20vendredi%20-%20https%3A%2F%2Fsenego.com%2Fplace-de-la-nation-le-prefet-interdit-le-rassemblement-du-f24-ce-vendredi_1574431.html\" target=\"_blank\"><\/a><\/p>\n","protected":false},"excerpt":{"rendered":"<p>Le pr\u00e9fet de Dakar interdit le rassemblement des forces vives du S\u00e9n\u00e9gal (F24) pr\u00e9vu ce vendredi 21 juillet \u00e0 la<\/p>\n","protected":false},"author":1,"featured_media":10429,"comment_status":"open","ping_status":"open","sticky":false,"template":"","format":"standard","meta":{"footnotes":""},"categories":[6],"tags":[],"class_list":["post-17149","post","type-post","status-publish","format-standard","has-post-thumbnail","hentry","category-politics"],"_links":{"self":[{"href":"https:\/\/dekkbi.com\/index.php?rest_route=\/wp\/v2\/posts\/17149","targetHints":{"allow":["GET"]}}],"collection":[{"href":"https:\/\/dekkbi.com\/index.php?rest_route=\/wp\/v2\/posts"}],"about":[{"href":"https:\/\/dekkbi.com\/index.php?rest_route=\/wp\/v2\/types\/post"}],"author":[{"embeddable":true,"href":"https:\/\/dekkbi.com\/index.php?rest_route=\/wp\/v2\/users\/1"}],"replies":[{"embeddable":true,"href":"https:\/\/dekkbi.com\/index.php?rest_route=%2Fwp%2Fv2%2Fcomments&post=17149"}],"version-history":[{"count":2,"href":"https:\/\/dekkbi.com\/index.php?rest_route=\/wp\/v2\/posts\/17149\/revisions"}],"predecessor-version":[{"id":17167,"href":"https:\/\/dekkbi.com\/index.php?rest_route=\/wp\/v2\/posts\/17149\/revisions\/17167"}],"wp:featuredmedia":[{"embeddable":true,"href":"https:\/\/dekkbi.com\/index.php?rest_route=\/wp\/v2\/media\/10429"}],"wp:attachment":[{"href":"https:\/\/dekkbi.com\/index.php?rest_route=%2Fwp%2Fv2%2Fmedia&parent=17149"}],"wp:term":[{"taxonomy":"category","embeddable":true,"href":"https:\/\/dekkbi.com\/index.php?rest_route=%2Fwp%2Fv2%2Fcategories&post=17149"},{"taxonomy":"post_tag","embeddable":true,"href":"https:\/\/dekkbi.com\/index.php?rest_route=%2Fwp%2Fv2%2Ftags&post=17149"}],"curies":[{"name":"wp","href":"https:\/\/api.w.org\/{rel}","templated":true}]}}