{"id":17139,"date":"2023-07-20T12:18:54","date_gmt":"2023-07-20T12:18:54","guid":{"rendered":"https:\/\/dekkbi.com\/?p=17139"},"modified":"2023-07-20T12:18:56","modified_gmt":"2023-07-20T12:18:56","slug":"vigilance-absolue-repit-partiel-sur-le-front-des-incendies-en-grece-une-nouvelle-vague-de-canicule-frappe-le-pays","status":"publish","type":"post","link":"https:\/\/dekkbi.com\/?p=17139","title":{"rendered":"\u201cVigilance absolue\u201d: r\u00e9pit partiel sur le front des incendies en Gr\u00e8ce, une nouvelle vague de canicule frappe le pays"},"content":{"rendered":"\n<p><strong>Des centaines de pompiers luttent toujours contre les incendies de for\u00eat jeudi en Gr\u00e8ce. Si les feux \u00e0 l\u2019ouest d\u2019Ath\u00e8nes se sont calm\u00e9s, ils continuent de faire rage sur l\u2019\u00eele de Rhodes. Le Premier ministre grec Kyriakos Mitsotakis a appel\u00e9 \u00e0 \u201cune vigilance absolue\u201d face \u00e0 un nouvel \u00e9pisode de canicule qui frappe la Gr\u00e8ce avec des temp\u00e9ratures qui doivent atteindre 44\u00b0C \u00e0 45\u00b0C ce week-end.<\/strong><\/p>\n\n\n\n<p>\u201cIl faut une vigilance absolue (&#8230;) car les moments difficiles ne sont pas pass\u00e9s\u201d, a pr\u00e9venu le chef de gouvernement en visite au minist\u00e8re de l\u2019Environnement. \u201cNous faisons face \u00e0 une nouvelle canicule\u201d et \u201c\u00e0 un \u00e9ventuel renforcement de vents\u201d qui ont provoqu\u00e9 depuis lundi plusieurs violents incendies, notamment autour d\u2019Athn\u00e8nes.<\/p>\n\n\n\n<h2 class=\"wp-block-heading\">\u00cele de Rhodes<\/h2>\n\n\n\n<p>L\u2019incendie le plus difficile reste celui qui s\u2019est d\u00e9clar\u00e9 mardi apr\u00e8s-midi dans le centre de l\u2019\u00eele touristique de Rhodes, dans une zone foresti\u00e8re \u00e0 la v\u00e9g\u00e9tation dense, selon l\u2019agence de presse grecque ANA.<\/p>\n\n\n\n<p>Une centaine de pompiers, deux Canadair et trois h\u00e9licopt\u00e8res op\u00e8rent sur cette \u00eele de l\u2019archipel du Dod\u00e9can\u00e8se (sud-est) en mer Eg\u00e9e, l\u2019une des principales destinations touristiques de Gr\u00e8ce o\u00f9 la saison bat son plein, selon les pompiers.<\/p>\n\n\n\n<p>\u00c0 l\u2019ouest d\u2019Ath\u00e8nes, la situation continuait en revanche de s\u2019am\u00e9liorer avec des foyers dispers\u00e9s mais \u201cpas de front actif unique\u201d, selon l\u2019agence ANA. Au sud-est d\u2019Ath\u00e8nes, 3.472 hectares ont brul\u00e9, selon l\u2019observatoire europ\u00e9en Copernicus.<\/p>\n\n\n\n<figure class=\"wp-block-image\"><a href=\"https:\/\/www.7sur7.be\/monde\/vigilance-absolue-repit-partiel-sur-le-front-des-incendies-en-grece-une-nouvelle-vague-de-canicule-frappe-le-pays~ad506e58\/233537513\/\"><img decoding=\"async\" src=\"https:\/\/images0.persgroep.net\/rcs\/eNgPKi2L_QB1Zwvv2LlYIG1ang0\/diocontent\/233537513\/_fitwidth\/694\/?appId=21791a8992982cd8da851550a453bd7f&amp;quality=0.8\" alt=\"Ouest d'Ath\u00e8nes.\"\/><\/a><figcaption class=\"wp-element-caption\">Ouest d&rsquo;Ath\u00e8nes.&nbsp;\u00a9 AFP<\/figcaption><\/figure>\n\n\n\n<p>Apr\u00e8s une premi\u00e8re vague de canicule la semaine derni\u00e8re, la Gr\u00e8ce se pr\u00e9pare \u00e9galement \u00e0 de nouvelles fortes temp\u00e9ratures jusqu\u2019\u00e0 dimanche, avec des pointes \u00e0 43\u00b0C attendues dans le centre du pays ce jeudi.<\/p>\n\n\n\n<p>Le risque d\u2019incendies demeure en outre tr\u00e8s \u00e9lev\u00e9 pour la r\u00e9gion qui entoure la capitale grecque, l\u2019Attique, ainsi que la p\u00e9ninsule du P\u00e9loponn\u00e8se (sud-ouest) et la Gr\u00e8ce centrale, selon la Protection civile.<\/p>\n\n\n\n<h2 class=\"wp-block-heading\">Tous les sites arch\u00e9ologiques de Gr\u00e8ce ferm\u00e9s<\/h2>\n\n\n\n<p>Face \u00e0 ce nouvel \u00e9pisode caniculaire, tous les sites arch\u00e9ologiques de Gr\u00e8ce, dont l\u2019Acropole d\u2019Ath\u00e8nes, vont rester ferm\u00e9s de jeudi \u00e0 dimanche durant les heures les plus chaudes de la journ\u00e9e en raison d\u2019un nouvel \u00e9pisode caniculaire, a annonc\u00e9 le minist\u00e8re grec de la Culture.<\/p>\n\n\n\n<p>\u201cPour cause de hautes temp\u00e9ratures, les horaires des sites arch\u00e9ologiques (&#8230;) seront modifi\u00e9s et ils fermeront de midi \u00e0 17h30 heure locale (11h00 \u00e0 16h30 \u00e0 Bruxelles), selon le communiqu\u00e9 du minist\u00e8re. Par ailleurs, en raison d\u2019un arr\u00eat de travail des gardiens de l\u2019Acropole d\u00e9j\u00e0 annonc\u00e9, celui-ci restera ferm\u00e9 jusqu\u2019\u00e0 la fin de la journ\u00e9e de jeudi \u00e0 dimanche.<\/p>\n\n\n\n<p>Le site class\u00e9 au patrimoine mondial de l\u2019humanit\u00e9 et qui conna\u00eet actuellement un bond du nombre de ses visiteurs avait d\u00e9j\u00e0 ferm\u00e9 le week-end dernier aux heures les plus chaudes.<\/p>\n\n\n\n<p>Le syndicat des gardiens PEYFA a affirm\u00e9 qu\u2019au moins 20 visiteurs s\u2019\u00e9taient \u00e9vanouis sur le site en raison des temp\u00e9ratures qui peuvent grimper \u00e0 45\u00b0C.<\/p>\n\n\n\n<p>La Croix-Rouge a annonc\u00e9 qu\u2019elle se d\u00e9ployait de nouveau en bas du Rocher sacr\u00e9 pour distribuer des dizaines de milliers de bouteilles d\u2019eau aux visiteurs.<\/p>\n","protected":false},"excerpt":{"rendered":"<p>Des centaines de pompiers luttent toujours contre les incendies de for\u00eat jeudi en Gr\u00e8ce. Si les feux \u00e0 l\u2019ouest d\u2019Ath\u00e8nes<\/p>\n","protected":false},"author":1,"featured_media":17140,"comment_status":"open","ping_status":"open","sticky":false,"template":"","format":"standard","meta":{"footnotes":""},"categories":[51],"tags":[],"class_list":["post-17139","post","type-post","status-publish","format-standard","has-post-thumbnail","hentry","category-general"],"_links":{"self":[{"href":"https:\/\/dekkbi.com\/index.php?rest_route=\/wp\/v2\/posts\/17139","targetHints":{"allow":["GET"]}}],"collection":[{"href":"https:\/\/dekkbi.com\/index.php?rest_route=\/wp\/v2\/posts"}],"about":[{"href":"https:\/\/dekkbi.com\/index.php?rest_route=\/wp\/v2\/types\/post"}],"author":[{"embeddable":true,"href":"https:\/\/dekkbi.com\/index.php?rest_route=\/wp\/v2\/users\/1"}],"replies":[{"embeddable":true,"href":"https:\/\/dekkbi.com\/index.php?rest_route=%2Fwp%2Fv2%2Fcomments&post=17139"}],"version-history":[{"count":1,"href":"https:\/\/dekkbi.com\/index.php?rest_route=\/wp\/v2\/posts\/17139\/revisions"}],"predecessor-version":[{"id":17141,"href":"https:\/\/dekkbi.com\/index.php?rest_route=\/wp\/v2\/posts\/17139\/revisions\/17141"}],"wp:featuredmedia":[{"embeddable":true,"href":"https:\/\/dekkbi.com\/index.php?rest_route=\/wp\/v2\/media\/17140"}],"wp:attachment":[{"href":"https:\/\/dekkbi.com\/index.php?rest_route=%2Fwp%2Fv2%2Fmedia&parent=17139"}],"wp:term":[{"taxonomy":"category","embeddable":true,"href":"https:\/\/dekkbi.com\/index.php?rest_route=%2Fwp%2Fv2%2Fcategories&post=17139"},{"taxonomy":"post_tag","embeddable":true,"href":"https:\/\/dekkbi.com\/index.php?rest_route=%2Fwp%2Fv2%2Ftags&post=17139"}],"curies":[{"name":"wp","href":"https:\/\/api.w.org\/{rel}","templated":true}]}}