{"id":17137,"date":"2023-07-20T12:12:00","date_gmt":"2023-07-20T12:12:00","guid":{"rendered":"https:\/\/dekkbi.com\/?p=17137"},"modified":"2023-07-20T12:12:02","modified_gmt":"2023-07-20T12:12:02","slug":"wagner-va-sentrainer-avec-les-forces-speciales-belarusses","status":"publish","type":"post","link":"https:\/\/dekkbi.com\/?p=17137","title":{"rendered":"Wagner va s&rsquo;entra\u00eener avec les forces sp\u00e9ciales b\u00e9larusses"},"content":{"rendered":"\n<p><strong>Les combattants du groupe paramilitaire russe Wagner, contraints de partir au B\u00e9larus apr\u00e8s leur r\u00e9bellion manqu\u00e9e en Russie fin juin, vont s\u2019entra\u00eener avec les forces sp\u00e9ciales de ce pays alli\u00e9 de Moscou, a annonc\u00e9 Minsk jeudi.<\/strong><\/p>\n\n\n\n<p>\u201cAu cours de la semaine, des unit\u00e9s des forces sp\u00e9ciales (b\u00e9larusses) et des repr\u00e9sentants de l\u2019entreprise (Wagner) vont s\u2019entra\u00eener aux missions de combat sur le terrain d\u2019entra\u00eenement de Bretsky\u201d, pr\u00e8s de la fronti\u00e8re avec la Pologne, a annonc\u00e9 le minist\u00e8re b\u00e9larusse de la D\u00e9fense sur Telegram.<\/p>\n\n\n\n<p>La semaine derni\u00e8re, Minsk avait d\u00e9j\u00e0 indiqu\u00e9 que les combattants de Wagner formaient des conscrits b\u00e9larusses, sur un terrain d\u2019entra\u00eenement au sud-est de la capitale, Minsk.<\/p>\n\n\n\n<p>Le 24 juin, point culminant de semaines de conflit larv\u00e9 avec l\u2019\u00e9tat-major russe, les combattants de Wagner avaient occup\u00e9 pendant plusieurs heures un quartier g\u00e9n\u00e9ral de l\u2019arm\u00e9e \u00e0 Rostov-sur-le-Don, dans le sud de la Russie, et parcouru plusieurs centaines de kilom\u00e8tres vers Moscou, \u00e9branlant le pouvoir russe.<\/p>\n\n\n\n<h2 class=\"wp-block-heading\">Le chef de Wagner s\u2019exprime pour la premi\u00e8re fois depuis la mutinerie<\/h2>\n\n\n\n<p>Leur r\u00e9bellion a pris fin le soir du 24 juin, avec un accord pr\u00e9voyant le d\u00e9part au B\u00e9larus du patron de Wagner, Evgu\u00e9ni Prigojine. Ses combattants s\u2019\u00e9taient vus proposer de rejoindre les troupes r\u00e9guli\u00e8res, de retourner \u00e0 la vie civile ou de partir avec leur chef pour le B\u00e9larus.<\/p>\n\n\n\n<p>Mercredi soir, une vid\u00e9o publi\u00e9e par des comptes Telegram se revendiquant proches de Wagner, mais que l\u2019AFP n\u2019a pas pu authentifier, montrait Evgu\u00e9ni Prigojine accueillir ses hommes \u201csur le sol b\u00e9larusse\u201d et leur expliquer qu\u2019ils ne combattront plus en Ukraine, o\u00f9 \u201cce qui se passe sur le front est une honte et nous n\u2019avons pas besoin d\u2019y participer\u201d.<\/p>\n\n\n\n<p>Dans cette vid\u00e9o, Evgu\u00e9ni Prigojine demande aussi \u00e0 ses troupes de mener \u00e0 bien l\u2019entra\u00eenement de l\u2019arm\u00e9e du B\u00e9larus et de se pr\u00e9parer pour \u201cun nouveau voyage en Afrique\u201d, o\u00f9 Wagner est d\u00e9j\u00e0 pr\u00e9sent dans plusieurs pays.<\/p>\n","protected":false},"excerpt":{"rendered":"<p>Les combattants du groupe paramilitaire russe Wagner, contraints de partir au B\u00e9larus apr\u00e8s leur r\u00e9bellion manqu\u00e9e en Russie fin juin,<\/p>\n","protected":false},"author":1,"featured_media":8178,"comment_status":"open","ping_status":"open","sticky":false,"template":"","format":"standard","meta":{"footnotes":""},"categories":[51],"tags":[],"class_list":["post-17137","post","type-post","status-publish","format-standard","has-post-thumbnail","hentry","category-general"],"_links":{"self":[{"href":"https:\/\/dekkbi.com\/index.php?rest_route=\/wp\/v2\/posts\/17137","targetHints":{"allow":["GET"]}}],"collection":[{"href":"https:\/\/dekkbi.com\/index.php?rest_route=\/wp\/v2\/posts"}],"about":[{"href":"https:\/\/dekkbi.com\/index.php?rest_route=\/wp\/v2\/types\/post"}],"author":[{"embeddable":true,"href":"https:\/\/dekkbi.com\/index.php?rest_route=\/wp\/v2\/users\/1"}],"replies":[{"embeddable":true,"href":"https:\/\/dekkbi.com\/index.php?rest_route=%2Fwp%2Fv2%2Fcomments&post=17137"}],"version-history":[{"count":1,"href":"https:\/\/dekkbi.com\/index.php?rest_route=\/wp\/v2\/posts\/17137\/revisions"}],"predecessor-version":[{"id":17138,"href":"https:\/\/dekkbi.com\/index.php?rest_route=\/wp\/v2\/posts\/17137\/revisions\/17138"}],"wp:featuredmedia":[{"embeddable":true,"href":"https:\/\/dekkbi.com\/index.php?rest_route=\/wp\/v2\/media\/8178"}],"wp:attachment":[{"href":"https:\/\/dekkbi.com\/index.php?rest_route=%2Fwp%2Fv2%2Fmedia&parent=17137"}],"wp:term":[{"taxonomy":"category","embeddable":true,"href":"https:\/\/dekkbi.com\/index.php?rest_route=%2Fwp%2Fv2%2Fcategories&post=17137"},{"taxonomy":"post_tag","embeddable":true,"href":"https:\/\/dekkbi.com\/index.php?rest_route=%2Fwp%2Fv2%2Ftags&post=17137"}],"curies":[{"name":"wp","href":"https:\/\/api.w.org\/{rel}","templated":true}]}}