{"id":17129,"date":"2023-07-20T11:52:57","date_gmt":"2023-07-20T11:52:57","guid":{"rendered":"https:\/\/dekkbi.com\/?p=17129"},"modified":"2023-07-20T11:52:58","modified_gmt":"2023-07-20T11:52:58","slug":"avec-ou-sans-amour-neymar-veut-rester-au-psg","status":"publish","type":"post","link":"https:\/\/dekkbi.com\/?p=17129","title":{"rendered":"\u201cavec ou sans amour\u201d, Neymar veut rester au PSG"},"content":{"rendered":"\n<p>L\u2019\u00e9t\u00e9 sera chaud. Plusieurs Diables (ou ex-Diables) s\u2019appr\u00eatent \u00e0 changer d\u2019air durant le prochain mercato, comme Youri Tielemans, Lo\u00efs Openda, Romeo Lavia ou encore J\u00e9r\u00e9my Doku. Lib\u00e9r\u00e9 par le Real, Eden Hazard va-t-il relever un nouveau d\u00e9fi ou raccrocher les crampons? Romelu Lukaku exaucera-t-il son souhait de rester \u00e0 l\u2019Inter malgr\u00e9 la fin de son pr\u00eat? Par ailleurs, Benzema d\u00e9j\u00e0 parti, le Real va devoir songer \u00e0 le remplacer. L\u2019un des dossiers chauds de l\u2019\u00e9t\u00e9 est, en revanche, d\u00e9j\u00e0 r\u00e9gl\u00e9: en fin de contrat au PSG, Lionel Messi a choisi de signer \u00e0 Miami, malgr\u00e9 l\u2019int\u00e9r\u00eat du Bar\u00e7a et la possibilit\u00e9 de signer un contrat en or en Arabie Saoudite.<\/p>\n\n\n\n<p>Neymar veut rester \u00e0 Paris<\/p>\n\n\n\n<p>\u00ab\u00a0Avec ou sans amour, je serai l\u00e0\u00a0\u00bb: s&rsquo;il sait que les supporters parisiens ne le portent plus forc\u00e9ment dans leur c\u0153ur et si les rumeurs l&rsquo;annoncent sur le d\u00e9part, Neymar n&rsquo;a pas l&rsquo;intention de quitter Paris cet \u00e9t\u00e9. \u00ab\u00a0J&rsquo;esp\u00e8re rester au PSG. J&rsquo;ai encore un contrat avec le club et personne ne m&rsquo;a rien dit sur un \u00e9ventuel d\u00e9part\u00a0\u00bb, explique-t-il dans un entretien accord\u00e9 \u00e0 son compatriote&nbsp;Casimiro Miguel.&nbsp;<\/p>\n\n\n\n<figure class=\"wp-block-image\"><img decoding=\"async\" src=\"https:\/\/images0.persgroep.net\/rcs\/8yfUwsDH_yN6q1nanG_C4bBjUJ0\/diocontent\/233554518\/_fitwidth\/534\/?appId=21791a8992982cd8da851550a453bd7f&amp;quality=0.7\" alt=\"AP\"\/><figcaption class=\"wp-element-caption\">\u00a9 AP<\/figcaption><\/figure>\n\n\n\n<p><strong>11:20<\/strong>&nbsp;Hier<\/p>\n\n\n\n<p>Benjamin Mendy \u00e0 Lorient<\/p>\n\n\n\n<p>D\u00e9clar\u00e9 non-coupable de viol et de tentative de viol la semaine derni\u00e8re par la justice britannique,\u00a0Benjamin Mendy va, apr\u00e8s deux ans de bataille juridique et plusieurs mois derri\u00e8re les barreaux, reprendre le cours de sa carri\u00e8re. L&rsquo;ancien joueur de Manchester City a sign\u00e9 pour deux ans au FC Lorient.\u00a0<\/p>\n\n\n\n<p><\/p>\n\n\n\n<p><strong>11:01<\/strong>&nbsp;Hier<\/p>\n\n\n\n<p>Pochettino \u00e9voque le cas Lukaku<\/p>\n\n\n\n<p>Romelu Lukaku est retourn\u00e9 \u00e0 Chelsea, o\u00f9 il s&rsquo;entra\u00eene avec l&rsquo;\u00e9quipe-B, l&rsquo;\u00e9quipe A des Blues est en effet partie en tourn\u00e9e aux \u00c9tats-Unis. Interrog\u00e9 sur l&rsquo;avenir de Big Rom&rsquo;, Mauricio Pochettino se montre tr\u00e8s clair. \u00ab\u00a0Il est clair que le joueur a pris la d\u00e9cision de partir. On agit en cons\u00e9quence. Le club et le joueur doivent d\u00e9sormais faire en sorte de trouver la meilleure solution possible.\u00a0\u00bb&nbsp;<\/p>\n\n\n\n<figure class=\"wp-block-image\"><img decoding=\"async\" src=\"https:\/\/images0.persgroep.net\/rcs\/-5YT9u0onLRFbHQ0h8VTEMFOtaM\/diocontent\/216393885\/_fitwidth\/534\/?appId=21791a8992982cd8da851550a453bd7f&amp;quality=0.7\" alt=\"Photo News\"\/><figcaption class=\"wp-element-caption\">\u00a9 Photo News<\/figcaption><\/figure>\n\n\n\n<p><strong>18:40<\/strong>&nbsp;18-07-2023<\/p>\n\n\n\n<p>Eupen pr\u00eate l&rsquo;attaquant espagnol Davo au Deportivo La Corogne<\/p>\n\n\n\n<p>Le KAS Eupen a pr\u00eat\u00e9 l&rsquo;attaquant espagnol Davo pour un an au Deportivo La Corogne, qui \u00e9voluera la saison prochaine en troisi\u00e8me division espagnole.<\/p>\n\n\n\n<p>Davo, 28 ans, est arriv\u00e9 \u00e0 Eupen en janvier 2023 en provenance du Wisla Plock, en premi\u00e8re division polonaise. Il a donn\u00e9 un assist en sept rencontres avec les Pandas. Eupen a \u00e9galement indiqu\u00e9 que ce transfert \u00e9tait demand\u00e9 par le joueur \u00ab\u00a0pour des raisons priv\u00e9es\u00a0\u00bb.<\/p>\n\n\n\n<p><strong>17:59<\/strong>&nbsp;18-07-2023<\/p>\n\n\n\n<p>Kim Min-Jae signe au Bayern Munich et quitte Naples<\/p>\n\n\n\n<p>Le Bayern Munich vient de signer sa nouvelle recrue d\u00e9fensive en s&rsquo;offrant Kim Min-Jae, qui arrive en provenance de Naples. L&rsquo;international sud-cor\u00e9en a sign\u00e9 un contrat jusqu&rsquo;en 2028.<\/p>\n\n\n\n<p>Apr\u00e8s des d\u00e9buts en Cor\u00e9e du Sud (Gyeongju KHNP, Jeonbuk Hyundai Motors), Kim Min-Jae est parti deux ans au Beijing Guoan, en Chine, avant de rejoindre Fenerbah\u00e7e en Turquie. Transf\u00e9r\u00e9 en juillet dernier \u00e0 Naples pour un peu moins de 20 millions d&rsquo;euros, il est devenu une v\u00e9ritable r\u00e9v\u00e9lation du championnat italien avec un total de 45 matchs, deux buts, deux assists, un titre de champion de Serie A et de meilleur d\u00e9fenseur du championnat.<\/p>\n\n\n\n<p>Kim Min-Jae a \u00e9t\u00e9 international sud-cor\u00e9en \u00e0 49 reprises et a sign\u00e9 trois buts en s\u00e9lection. Il a particip\u00e9 \u00e0 la Coupe du monde 2022 au Qatar avec son pays. Il y a disput\u00e9 trois matchs sur quatre, dont le huiti\u00e8me de finale perdu contre le Br\u00e9sil (4-1).<\/p>\n\n\n\n<p><strong>16:07<\/strong>&nbsp;18-07-2023<\/p>\n\n\n\n<p>Maxime Dup\u00e9 nouveau gardien d&rsquo;Anderlecht<\/p>\n\n\n\n<p>Apr\u00e8s avoir confirm\u00e9 le d\u00e9part d&rsquo;Hendrik Van Crombrugge, le Sporting annonce l&rsquo;arriv\u00e9e de son nouveau gardien. Le Fran\u00e7ais Maxime Dup\u00e9 arrive gratuitement \u00e0 Anderlecht, o\u00f9 il a sign\u00e9 un contrat de deux ans.&nbsp;<\/p>\n\n\n\n<p>\u00c2g\u00e9 de 30 ans, le portier fran\u00e7ais a pass\u00e9 les trois derni\u00e8res saisons \u00e0 Toulouse, o\u00f9 il \u00e9tait titulaire. Pass\u00e9 \u00e9galement par le FC Nantes, Maxime Dup\u00e9 a \u00e9t\u00e9 international fran\u00e7ais dans les \u00e9quipes de jeunes.&nbsp;&nbsp;<\/p>\n","protected":false},"excerpt":{"rendered":"<p>L\u2019\u00e9t\u00e9 sera chaud. Plusieurs Diables (ou ex-Diables) s\u2019appr\u00eatent \u00e0 changer d\u2019air durant le prochain mercato, comme Youri Tielemans, Lo\u00efs Openda,<\/p>\n","protected":false},"author":1,"featured_media":13644,"comment_status":"open","ping_status":"open","sticky":false,"template":"","format":"standard","meta":{"footnotes":""},"categories":[9],"tags":[],"class_list":["post-17129","post","type-post","status-publish","format-standard","has-post-thumbnail","hentry","category-sports"],"_links":{"self":[{"href":"https:\/\/dekkbi.com\/index.php?rest_route=\/wp\/v2\/posts\/17129","targetHints":{"allow":["GET"]}}],"collection":[{"href":"https:\/\/dekkbi.com\/index.php?rest_route=\/wp\/v2\/posts"}],"about":[{"href":"https:\/\/dekkbi.com\/index.php?rest_route=\/wp\/v2\/types\/post"}],"author":[{"embeddable":true,"href":"https:\/\/dekkbi.com\/index.php?rest_route=\/wp\/v2\/users\/1"}],"replies":[{"embeddable":true,"href":"https:\/\/dekkbi.com\/index.php?rest_route=%2Fwp%2Fv2%2Fcomments&post=17129"}],"version-history":[{"count":1,"href":"https:\/\/dekkbi.com\/index.php?rest_route=\/wp\/v2\/posts\/17129\/revisions"}],"predecessor-version":[{"id":17130,"href":"https:\/\/dekkbi.com\/index.php?rest_route=\/wp\/v2\/posts\/17129\/revisions\/17130"}],"wp:featuredmedia":[{"embeddable":true,"href":"https:\/\/dekkbi.com\/index.php?rest_route=\/wp\/v2\/media\/13644"}],"wp:attachment":[{"href":"https:\/\/dekkbi.com\/index.php?rest_route=%2Fwp%2Fv2%2Fmedia&parent=17129"}],"wp:term":[{"taxonomy":"category","embeddable":true,"href":"https:\/\/dekkbi.com\/index.php?rest_route=%2Fwp%2Fv2%2Fcategories&post=17129"},{"taxonomy":"post_tag","embeddable":true,"href":"https:\/\/dekkbi.com\/index.php?rest_route=%2Fwp%2Fv2%2Ftags&post=17129"}],"curies":[{"name":"wp","href":"https:\/\/api.w.org\/{rel}","templated":true}]}}