{"id":17115,"date":"2023-07-20T11:33:02","date_gmt":"2023-07-20T11:33:02","guid":{"rendered":"https:\/\/dekkbi.com\/?p=17115"},"modified":"2023-07-20T11:33:03","modified_gmt":"2023-07-20T11:33:03","slug":"impacts-de-la-suspension-de-laccord-sur-limportation-des-cereales-de-lukraine-risque-dune-nouvelle-inflation","status":"publish","type":"post","link":"https:\/\/dekkbi.com\/?p=17115","title":{"rendered":"Impacts de la suspension de l\u2019accord sur l\u2019importation des c\u00e9r\u00e9ales de l\u2019Ukraine: \u00abRisque d\u2019une nouvelle inflation\u00bb"},"content":{"rendered":"\n<p><strong>Par Malick GAYE \u2013\u00a0<\/strong>\u00abDramatiques !\u00bb L\u2019ensei\u00adgnant \u00e0 l\u2019Ucad, Me\u00efssa Babou, n\u2019a pas cherch\u00e9 loin pour tirer les cons\u00e9quences du refus russe de prolonger l\u2019accord sur les exportations de c\u00e9r\u00e9ales de l\u2019Ukraine. \u00abL\u2019arr\u00eat des exportations ukrainiennes de bl\u00e9 aura des cons\u00e9quences dramatiques aussi bien pour les pays africains qu\u2019europ\u00e9ens. Ce sont les m\u00eames outils utilis\u00e9s pour l\u2019engrais et l\u2019ur\u00e9e. Cela va augmenter le co\u00fbt de la production agricole. L\u2019essentiel de l\u2019engrais et de l\u2019ur\u00e9e au S\u00e9n\u00e9gal proviendrait de l\u2019Ukraine et de la Russie\u00bb, a-t-il analys\u00e9. Pour Me\u00efssa Babou, l\u2019approvisionnement du monde en bl\u00e9 sera naturellement impact\u00e9 et pratiquement tous les pays vont le ressentir. \u00abCet arr\u00eat des exportations va exposer les pays africains\u2026 Ces exportations sont une source de mati\u00e8res premi\u00e8res pour les industries locales (les meuniers), mais aussi les producteurs d\u2019aliments de b\u00e9tail. Ce qui fait qu\u2019il y\u2019aura des cons\u00e9quences dramatiques sur la consommation des personnes et des animaux\u00bb, a affirm\u00e9 l\u2019enseignant, qui a rappel\u00e9 que depuis 2021, les importations s\u00e9n\u00e9galaises de bl\u00e9 s\u2019\u00e9l\u00e8veraient \u00e0 750 mille tonnes pour environ 150 milliards de francs Cfa, selon l\u2019Ansd. \u00abCela montre que le pays ne dispose d\u2019aucune capacit\u00e9 de r\u00e9silience en termes de consommation de bl\u00e9. Cela d\u00e9montre que notre \u00e9conomie prend beaucoup de risque. Nous sommes un peu trop expos\u00e9s. Il faut changer de paradigme et essayer de trouver comment nous prot\u00e9ger (\u2026) nos gouvernants doivent \u00eatre plus s\u00e9rieux pour \u00e9viter d\u2019exposer le pays. Souvent on dit que nous ne disposons que de 3 mois de consommation. Ce qui n\u2019est pas \u00e9norme\u00bb, a-t-il ajout\u00e9. Avant de pr\u00e9ciser\u00a0: \u00abLes cons\u00e9quences directes sont d\u2019une part l\u2019augmentation des co\u00fbts de production. C\u2019est \u00e9vident. Et fatalement, une nouvelle inflation qui risque de co\u00fbter trop cher \u00e0 l\u2019Etat. Qui avait abandonn\u00e9 des taxes pour le riz et le bl\u00e9, et a mis beaucoup d\u2019argent dans l\u2019engrais et l\u2019ur\u00e9e. S\u2019il y a une nouvelle hausse o\u00f9 la Banque mondiale avait demand\u00e9 \u00e0 l\u2019Etat d\u2019abandonner les subventions, \u00e7a risque d\u2019\u00eatre fatal pour les populations. Qui vont subir cette nouvelle inflation.\u00bb Pour autant, l\u2019\u00e9conomiste demeure convaincu que cette situation ne va pas perdurer, pour la simple et bonne raison que \u00abla Russie a besoin de soutien pour \u00e9viter d\u2019\u00eatre isol\u00e9e\u00bb et elle doit se souvenir \u00abque les pays africains s\u2019\u00e9taient majoritairement abstenus\u00bb lors du vote de r\u00e9solution condamnant l\u2019op\u00e9ration militaire en Ukraine.<\/p>\n\n\n\n<p><br>Faut-il le pr\u00e9ciser, le S\u00e9n\u00e9gal est en qu\u00eate de souverainet\u00e9 alimentaire. Des exp\u00e9riences sont actuellement men\u00e9es au S\u00e9n\u00e9gal pour produire du bl\u00e9 local. En m\u00eame temps, pour se prot\u00e9ger d\u2019une \u00e9ventuelle crise sur le march\u00e9 de la farine de bl\u00e9, des vari\u00e9t\u00e9s locales comme le ni\u00e9b\u00e9, la patate, le moringa sont int\u00e9gr\u00e9s dans le pain. La commercialisation a commenc\u00e9 depuis des mois. Il ne reste plus qu\u2019\u00e0 sensibiliser le consommateur pour qu\u2019il se tourne vers le consommer local pour le pain. Si cette sensibilisation venait \u00e0 porter ses fruits, en plus d\u2019avoir une baisse significative sur le prix du pain, cela va cr\u00e9er des emplois dans l\u2019agriculture.<br><strong>mgaye@lequotidien.sn<\/strong><\/p>\n","protected":false},"excerpt":{"rendered":"<p>Par Malick GAYE \u2013\u00a0\u00abDramatiques !\u00bb L\u2019ensei\u00adgnant \u00e0 l\u2019Ucad, Me\u00efssa Babou, n\u2019a pas cherch\u00e9 loin pour tirer les cons\u00e9quences du refus<\/p>\n","protected":false},"author":1,"featured_media":16769,"comment_status":"open","ping_status":"open","sticky":false,"template":"","format":"standard","meta":{"footnotes":""},"categories":[3],"tags":[],"class_list":["post-17115","post","type-post","status-publish","format-standard","has-post-thumbnail","hentry","category-event-more-news"],"_links":{"self":[{"href":"https:\/\/dekkbi.com\/index.php?rest_route=\/wp\/v2\/posts\/17115","targetHints":{"allow":["GET"]}}],"collection":[{"href":"https:\/\/dekkbi.com\/index.php?rest_route=\/wp\/v2\/posts"}],"about":[{"href":"https:\/\/dekkbi.com\/index.php?rest_route=\/wp\/v2\/types\/post"}],"author":[{"embeddable":true,"href":"https:\/\/dekkbi.com\/index.php?rest_route=\/wp\/v2\/users\/1"}],"replies":[{"embeddable":true,"href":"https:\/\/dekkbi.com\/index.php?rest_route=%2Fwp%2Fv2%2Fcomments&post=17115"}],"version-history":[{"count":1,"href":"https:\/\/dekkbi.com\/index.php?rest_route=\/wp\/v2\/posts\/17115\/revisions"}],"predecessor-version":[{"id":17116,"href":"https:\/\/dekkbi.com\/index.php?rest_route=\/wp\/v2\/posts\/17115\/revisions\/17116"}],"wp:featuredmedia":[{"embeddable":true,"href":"https:\/\/dekkbi.com\/index.php?rest_route=\/wp\/v2\/media\/16769"}],"wp:attachment":[{"href":"https:\/\/dekkbi.com\/index.php?rest_route=%2Fwp%2Fv2%2Fmedia&parent=17115"}],"wp:term":[{"taxonomy":"category","embeddable":true,"href":"https:\/\/dekkbi.com\/index.php?rest_route=%2Fwp%2Fv2%2Fcategories&post=17115"},{"taxonomy":"post_tag","embeddable":true,"href":"https:\/\/dekkbi.com\/index.php?rest_route=%2Fwp%2Fv2%2Ftags&post=17115"}],"curies":[{"name":"wp","href":"https:\/\/api.w.org\/{rel}","templated":true}]}}