{"id":17089,"date":"2023-07-20T10:36:57","date_gmt":"2023-07-20T10:36:57","guid":{"rendered":"https:\/\/dekkbi.com\/?p=17089"},"modified":"2023-07-20T10:42:25","modified_gmt":"2023-07-20T10:42:25","slug":"omvs-la-guinee-annonce-son-depart-la-junte-nage-a-contre-courant","status":"publish","type":"post","link":"https:\/\/dekkbi.com\/?p=17089","title":{"rendered":"Omvs \u2013 La Guin\u00e9e annonce son d\u00e9part : La junte nage a contre-courant"},"content":{"rendered":"\n<p><strong>En Guin\u00e9e, la junte au pouvoir a annonc\u00e9 la suspension de sa participation \u00e0 l\u2019Organisation pour la mise en valeur du fleuve S\u00e9n\u00e9gal (Omvs). Les raisons de leur courroux, le gouvernement du Colonel Mamady Doumbouya, pr\u00e9sident du Comit\u00e9 national du rassemblement pour le d\u00e9veloppement (Cnrd), pr\u00e9sident de la Transition, les trouve, entre autres, dans une sous repr\u00e9sentativit\u00e9 au sein des instances de d\u00e9cision de l\u2019Omvs.<\/strong><\/p>\n\n\n\n<p><strong>Par Dialigu\u00e9 FAYE \u2013&nbsp;<\/strong>La R\u00e9publique de Guin\u00e9e menace de se retirer de l\u2019Orga\u00adnisation pour la mise en valeur du fleuve S\u00e9n\u00e9gal (Omvs). La junte au pouvoir a annonc\u00e9 mardi, via un communiqu\u00e9, la suspension de sa participation au sein de l\u2019organisation. \u00abA l\u2019issue de la XIXe session ordinaire de la Conf\u00e9rence des chefs d\u2019Etat et de gouvernement de l\u2019Organisation pour la mise en valeur du fleuve S\u00e9n\u00e9gal (Omvs) tenue en virtuel mardi, les plus hautes autorit\u00e9s guin\u00e9ennes ont constat\u00e9 avec regret, que les pr\u00e9occupations et int\u00e9r\u00eats strat\u00e9giques de la participation de la R\u00e9publique de Guin\u00e9e ne sont toujours pas pris en compte par ladite organisation, depuis sa cr\u00e9ation\u00bb, d\u00e9nonce la junte dans un communiqu\u00e9. Entre autres pr\u00e9occupations, la Guin\u00e9e note&nbsp;: \u00abLe retard consid\u00e9rable dans le financement du barrage hydro\u00e9lectrique de Koukoutamba dans la Pr\u00e9\u00adfecture de Tougu\u00e9 (r\u00e9gion de Lab\u00e9), sa sous-repr\u00e9sentativit\u00e9 au sein des instances de d\u00e9cision de l\u2019Omvs.\u00bb<br>Cr\u00e9\u00e9e depuis 1972, l\u2019Omvs est compos\u00e9e de la Guin\u00e9e, du&nbsp;S\u00e9\u00adn\u00e9gal, du&nbsp;Mali&nbsp;et de la&nbsp;Mauri\u00adtanie. Depuis lors, l\u2019organisation a d\u00e9velopp\u00e9 un certain nombre de projets hydro-agricoles et \u00e9lectriques au profit de ces pays membres ayant en partage le fleuve S\u00e9n\u00e9gal, qui tire sa source en Guin\u00e9e. Elle a con\u00e7u par exemple, le Projet de gestion int\u00e9gr\u00e9 des ressources en eau et de d\u00e9veloppement des usages multiples du bassin du fleuve S\u00e9n\u00e9gal (Pgire)\u2026 Lequel est destin\u00e9 \u00e0 \u00abrenforcer l\u2019int\u00e9gration r\u00e9gionale des 4 pays riverains et am\u00e9liorer les conditions de vie des populations\u00bb. Sans compter les barrages en projet, notamment le complexe hydro\u00e9lectrique de Koukou\u00adtamba de 293 Mw, les barrages de Bour\u00e9a, de Gourbassi\u2026. Par cons\u00e9quent, un retrait de la Guin\u00e9e de l\u2019Omvs pourrait \u00eatre lourd de cons\u00e9quences pour ces diff\u00e9rents projets qui sont en train d\u2019\u00eatre r\u00e9alis\u00e9s.<br>Ainsi regrette le Haut-commissariat de l\u2019Omvs, \u00abla d\u00e9cision des hautes autorit\u00e9s de la R\u00e9publique de Guin\u00e9e de suspendre leur participation\u00bb. Et d\u2019assurer que \u00abl\u2019organisation s\u2019att\u00e8lera, en relation avec ses hautes instances, \u00e0 trouver les solutions appropri\u00e9es aux raisons \u00e9voqu\u00e9es. L\u2019Omvs continuera \u00e0 contribuer au d\u00e9veloppement \u00e9conomique et social du bassin du fleuve S\u00e9n\u00e9gal conform\u00e9ment aux objectifs pour lesquels elle a \u00e9t\u00e9 cr\u00e9\u00e9e\u00bb.<br>Lors de sa session ordinaire, la Conf\u00e9rence a donn\u00e9 des orien\u00adtations et instructions engageant l\u2019ensemble du syst\u00e8me Omvs \u00e0 maintenir et renforcer la dynamique visant la r\u00e9alisation des objectifs de l\u2019organisation, notamment la poursuite de la r\u00e9alisation du programme d\u2019infrastructures commun.<br>Au titre des d\u00e9cisions, la Conf\u00e9rence a \u00e9lu Mohamed Ould Cheikh El Ghazouani, pr\u00e9sident de la R\u00e9publique islamique de Mauritanie, pr\u00e9sident de la Conf\u00e9rence des chefs d\u2019Etat et de gouvernement de l\u2019Omvs, et nomm\u00e9 Bintou Camara, ministre de l\u2019Energie et de l\u2019eau du Mali, pr\u00e9sidente du Conseil des ministres de l\u2019Omvs. Mme Camara remplace Serigne Mbaye Thiam, ministre de l\u2019Eau et de l\u2019assainissement du S\u00e9n\u00e9gal.<br>La Conf\u00e9rence des chefs d\u2019Etat et de gouvernement a soutenu l\u2019initiative lanc\u00e9e par Mohamed Ould Cheikh El Ghazouani, relative \u00e0 la mise en place d\u2019une Banque de d\u00e9veloppement multilat\u00e9rale pour faciliter la mobilisation des ressources pour le d\u00e9veloppement du bassin du fleuve S\u00e9n\u00e9gal. Elle a engag\u00e9 le Conseil des ministres, en rapport avec le Haut-commissariat de l\u2019Omvs, \u00e0 diligenter une \u00e9tude pour une mise en \u0153uvre rapide de cette initiative.<br>Pour rappel, la pr\u00e9sidence de la Conf\u00e9rence des chefs d\u2019Etat et celle du Conseil des ministres est occup\u00e9e alternativement par les Etats membres, \u00e0 savoir la Guin\u00e9e, le Mali, la Mauri\u00adtanie et le S\u00e9n\u00e9gal.<br><strong>dialigue@lequotidien.sn<\/strong><\/p>\n","protected":false},"excerpt":{"rendered":"<p>En Guin\u00e9e, la junte au pouvoir a annonc\u00e9 la suspension de sa participation \u00e0 l\u2019Organisation pour la mise en valeur<\/p>\n","protected":false},"author":1,"featured_media":17094,"comment_status":"open","ping_status":"open","sticky":false,"template":"","format":"standard","meta":{"footnotes":""},"categories":[3],"tags":[],"class_list":["post-17089","post","type-post","status-publish","format-standard","has-post-thumbnail","hentry","category-event-more-news"],"_links":{"self":[{"href":"https:\/\/dekkbi.com\/index.php?rest_route=\/wp\/v2\/posts\/17089","targetHints":{"allow":["GET"]}}],"collection":[{"href":"https:\/\/dekkbi.com\/index.php?rest_route=\/wp\/v2\/posts"}],"about":[{"href":"https:\/\/dekkbi.com\/index.php?rest_route=\/wp\/v2\/types\/post"}],"author":[{"embeddable":true,"href":"https:\/\/dekkbi.com\/index.php?rest_route=\/wp\/v2\/users\/1"}],"replies":[{"embeddable":true,"href":"https:\/\/dekkbi.com\/index.php?rest_route=%2Fwp%2Fv2%2Fcomments&post=17089"}],"version-history":[{"count":1,"href":"https:\/\/dekkbi.com\/index.php?rest_route=\/wp\/v2\/posts\/17089\/revisions"}],"predecessor-version":[{"id":17090,"href":"https:\/\/dekkbi.com\/index.php?rest_route=\/wp\/v2\/posts\/17089\/revisions\/17090"}],"wp:featuredmedia":[{"embeddable":true,"href":"https:\/\/dekkbi.com\/index.php?rest_route=\/wp\/v2\/media\/17094"}],"wp:attachment":[{"href":"https:\/\/dekkbi.com\/index.php?rest_route=%2Fwp%2Fv2%2Fmedia&parent=17089"}],"wp:term":[{"taxonomy":"category","embeddable":true,"href":"https:\/\/dekkbi.com\/index.php?rest_route=%2Fwp%2Fv2%2Fcategories&post=17089"},{"taxonomy":"post_tag","embeddable":true,"href":"https:\/\/dekkbi.com\/index.php?rest_route=%2Fwp%2Fv2%2Ftags&post=17089"}],"curies":[{"name":"wp","href":"https:\/\/api.w.org\/{rel}","templated":true}]}}