{"id":17026,"date":"2023-07-19T11:23:41","date_gmt":"2023-07-19T11:23:41","guid":{"rendered":"https:\/\/dekkbi.com\/?p=17026"},"modified":"2023-07-19T11:23:42","modified_gmt":"2023-07-19T11:23:42","slug":"annulation-de-la-mise-en-liberte-de-aliou-sane-le-delibere-rendu-le-25-juillet","status":"publish","type":"post","link":"https:\/\/dekkbi.com\/?p=17026","title":{"rendered":"Annulation de la mise en libert\u00e9 de Aliou San\u00e9: Le d\u00e9lib\u00e9r\u00e9 rendu le 25 juillet"},"content":{"rendered":"\n<p>Le vice-coordonnateur de la plateforme F24, Aliou San\u00e9 sera \u00e9difi\u00e9 sur son sort le 25 juillet prochain. Le procureur de la R\u00e9publique avait saisi la Chambre d\u2019accusation du TGI de Dakar pour annuler la d\u00e9cision de mise en libert\u00e9 provisoire d\u2019Aliou San\u00e9. C\u2019est cette requ\u00eate a \u00e9t\u00e9 examin\u00e9e, ce mardi, par la chambre d\u2019accusation.<\/p>\n\n\n\n<p>Aliou San\u00e9 a \u00e9t\u00e9 remis en libert\u00e9 provisoire le 2 juin par le juge d\u2019instruction du 2\u00e8me cabinet, apr\u00e8s 5 jours de d\u00e9tention. Il avait \u00e9t\u00e9 \u00e0 la cit\u00e9 Keur Gorgui et a \u00e9t\u00e9 inculp\u00e9 pour actes ou man\u0153uvres de nature \u00e0 compromettre la s\u00e9curit\u00e9 publique ou \u00e0 entra\u00eener des troubles politiques graves.<\/p>\n\n\n\n<p><\/p>\n\n\n\n<p>SOURCE LESOLEIL<\/p>\n","protected":false},"excerpt":{"rendered":"<p>Le vice-coordonnateur de la plateforme F24, Aliou San\u00e9 sera \u00e9difi\u00e9 sur son sort le 25 juillet prochain. Le procureur de<\/p>\n","protected":false},"author":1,"featured_media":17027,"comment_status":"open","ping_status":"open","sticky":false,"template":"","format":"standard","meta":{"footnotes":""},"categories":[26],"tags":[],"class_list":["post-17026","post","type-post","status-publish","format-standard","has-post-thumbnail","hentry","category-fait-divers"],"_links":{"self":[{"href":"https:\/\/dekkbi.com\/index.php?rest_route=\/wp\/v2\/posts\/17026","targetHints":{"allow":["GET"]}}],"collection":[{"href":"https:\/\/dekkbi.com\/index.php?rest_route=\/wp\/v2\/posts"}],"about":[{"href":"https:\/\/dekkbi.com\/index.php?rest_route=\/wp\/v2\/types\/post"}],"author":[{"embeddable":true,"href":"https:\/\/dekkbi.com\/index.php?rest_route=\/wp\/v2\/users\/1"}],"replies":[{"embeddable":true,"href":"https:\/\/dekkbi.com\/index.php?rest_route=%2Fwp%2Fv2%2Fcomments&post=17026"}],"version-history":[{"count":1,"href":"https:\/\/dekkbi.com\/index.php?rest_route=\/wp\/v2\/posts\/17026\/revisions"}],"predecessor-version":[{"id":17028,"href":"https:\/\/dekkbi.com\/index.php?rest_route=\/wp\/v2\/posts\/17026\/revisions\/17028"}],"wp:featuredmedia":[{"embeddable":true,"href":"https:\/\/dekkbi.com\/index.php?rest_route=\/wp\/v2\/media\/17027"}],"wp:attachment":[{"href":"https:\/\/dekkbi.com\/index.php?rest_route=%2Fwp%2Fv2%2Fmedia&parent=17026"}],"wp:term":[{"taxonomy":"category","embeddable":true,"href":"https:\/\/dekkbi.com\/index.php?rest_route=%2Fwp%2Fv2%2Fcategories&post=17026"},{"taxonomy":"post_tag","embeddable":true,"href":"https:\/\/dekkbi.com\/index.php?rest_route=%2Fwp%2Fv2%2Ftags&post=17026"}],"curies":[{"name":"wp","href":"https:\/\/api.w.org\/{rel}","templated":true}]}}