{"id":16960,"date":"2023-07-19T09:53:11","date_gmt":"2023-07-19T09:53:11","guid":{"rendered":"https:\/\/dekkbi.com\/?p=16960"},"modified":"2023-07-19T09:53:11","modified_gmt":"2023-07-19T09:53:11","slug":"officiel-benjamin-mendy-sengage-pour-deux-ans-avec","status":"publish","type":"post","link":"https:\/\/dekkbi.com\/?p=16960","title":{"rendered":"Officiel ! Benjamin Mendy s&rsquo;engage pour deux ans avec&#8230;"},"content":{"rendered":"\n<p>D\u00e9clar\u00e9 non coupable de viols la semaine derni\u00e8re, Benjamin Mendy va&nbsp; retrouver la comp\u00e9tition. En effet, le champion du monde s&rsquo;est mis d&rsquo;accord avec le FC Lorient pour une dur\u00e9e de deux ans, a annonc\u00e9 le club via un communiqu\u00e9 sur son site officiel.&nbsp;<\/p>\n\n\n\n<p>Une bonne nouvelle pour l&rsquo;ex mon\u00e9gasque qui va relancer sa carri\u00e8re \u00e0 29 ans.&nbsp;<\/p>\n\n\n\n<p><strong>Le communiqu\u00e9<\/strong><br>Le FC Lorient est heureux de vous annoncer aujourd\u2019hui la signature pour deux saisons du lat\u00e9ral gauche international fran\u00e7ais Benjamin Mendy (29 ans).<br>Apr\u00e8s avoir satisfait \u00e0 la traditionnelle visite m\u00e9dicale, Benjamin Mendy, champion du monde 2018, quadruple vainqueur de la Premier League sous les couleurs de Manchester City et champion de France de Ligue 1 avec Monaco notamment, vient renforcer l\u2019effectif lorientais pour cette nouvelle saison.<br>Le natif de Longjumeau, qui portera le num\u00e9ro 5 chez les Merlus, fera ses premiers pas \u00e0 l\u2019Espace FCL aujourd\u2019hui.<br>Bienvenue Benjamin !<\/p>\n\n\n\n<figure class=\"wp-block-embed is-type-rich is-provider-twitter wp-block-embed-twitter\"><div class=\"wp-block-embed__wrapper\">\n<blockquote class=\"twitter-tweet\" data-width=\"550\" data-dnt=\"true\"><p lang=\"fr\" dir=\"ltr\">Benjamin Mendy signe deux ans au FC Lorient. <br><br>Le communiqu\u00e9 \u27a1\ufe0f <a href=\"https:\/\/t.co\/upslF01fWp\">https:\/\/t.co\/upslF01fWp<\/a> <a href=\"https:\/\/t.co\/KzuQSLVD4f\">pic.twitter.com\/KzuQSLVD4f<\/a><\/p>&mdash; FC LORIENT \ud83d\udc1f (@FCLorient) <a href=\"https:\/\/twitter.com\/FCLorient\/status\/1681589789999472641?ref_src=twsrc%5Etfw\">July 19, 2023<\/a><\/blockquote><script async src=\"https:\/\/platform.twitter.com\/widgets.js\" charset=\"utf-8\"><\/script>\n<\/div><\/figure>\n\n\n\n<p>Source &#8211; seneweb<\/p>\n","protected":false},"excerpt":{"rendered":"<p>D\u00e9clar\u00e9 non coupable de viols la semaine derni\u00e8re, Benjamin Mendy va&nbsp; retrouver la comp\u00e9tition. En effet, le champion du monde<\/p>\n","protected":false},"author":1,"featured_media":16967,"comment_status":"open","ping_status":"open","sticky":false,"template":"","format":"standard","meta":{"footnotes":""},"categories":[9],"tags":[],"class_list":["post-16960","post","type-post","status-publish","format-standard","has-post-thumbnail","hentry","category-sports"],"_links":{"self":[{"href":"https:\/\/dekkbi.com\/index.php?rest_route=\/wp\/v2\/posts\/16960","targetHints":{"allow":["GET"]}}],"collection":[{"href":"https:\/\/dekkbi.com\/index.php?rest_route=\/wp\/v2\/posts"}],"about":[{"href":"https:\/\/dekkbi.com\/index.php?rest_route=\/wp\/v2\/types\/post"}],"author":[{"embeddable":true,"href":"https:\/\/dekkbi.com\/index.php?rest_route=\/wp\/v2\/users\/1"}],"replies":[{"embeddable":true,"href":"https:\/\/dekkbi.com\/index.php?rest_route=%2Fwp%2Fv2%2Fcomments&post=16960"}],"version-history":[{"count":1,"href":"https:\/\/dekkbi.com\/index.php?rest_route=\/wp\/v2\/posts\/16960\/revisions"}],"predecessor-version":[{"id":16968,"href":"https:\/\/dekkbi.com\/index.php?rest_route=\/wp\/v2\/posts\/16960\/revisions\/16968"}],"wp:featuredmedia":[{"embeddable":true,"href":"https:\/\/dekkbi.com\/index.php?rest_route=\/wp\/v2\/media\/16967"}],"wp:attachment":[{"href":"https:\/\/dekkbi.com\/index.php?rest_route=%2Fwp%2Fv2%2Fmedia&parent=16960"}],"wp:term":[{"taxonomy":"category","embeddable":true,"href":"https:\/\/dekkbi.com\/index.php?rest_route=%2Fwp%2Fv2%2Fcategories&post=16960"},{"taxonomy":"post_tag","embeddable":true,"href":"https:\/\/dekkbi.com\/index.php?rest_route=%2Fwp%2Fv2%2Ftags&post=16960"}],"curies":[{"name":"wp","href":"https:\/\/api.w.org\/{rel}","templated":true}]}}