{"id":16938,"date":"2023-07-19T09:02:40","date_gmt":"2023-07-19T09:02:40","guid":{"rendered":"https:\/\/dekkbi.com\/?p=16938"},"modified":"2023-07-19T09:02:41","modified_gmt":"2023-07-19T09:02:41","slug":"candidat-de-bennoo-niasse-a-boucle-les-auditions","status":"publish","type":"post","link":"https:\/\/dekkbi.com\/?p=16938","title":{"rendered":"Candidat de Bennoo : Niasse a boucl\u00e9 les auditions"},"content":{"rendered":"\n<p>Le Haut repr\u00e9sentant du chef de l\u2019\u00c9tat, Moustapha Niasse, a boucl\u00e9 ce mardi les auditions des candidats pour porter les couleurs de Bennoo Bokk Yaakaar lors de la prochaine pr\u00e9sidentielle. Cinq personnalit\u00e9s ont r\u00e9pondu \u00e0 ses questions. Lesquelles tournaient, selon Les \u00c9chos, autour de deux points : \u00abQu\u2019avez-vous de plus que les autres candidats \u00e0 la candidature ?\u00bb et \u00ab\u00cates-vous pr\u00eat \u00e0 vous ranger derri\u00e8re celui qui sera choisi ?\u00bb<\/p>\n\n\n\n<p>D\u2019apr\u00e8s le journal Abdoulaye Daouda Diallo et Abdoulaye Diouf Sarr ont boucl\u00e9 les auditions. Ils ont rencontr\u00e9 Niasse ce mardi. Le premier \u00e0 partir de 11 heures et le second \u00abvers 20h-21h\u00bb, si l\u2019on en croit Les \u00c9chos.<\/p>\n\n\n\n<p>Dimanche, le leader de l\u2019AFP avait auditionn\u00e9 Mahammad Dionne. Et auparavant, il avait accueilli Amadou Ba et Aly Ngouille Ndiaye.<\/p>\n\n\n\n<p>Il reste maintenant \u00e0 rendre compte au Pr\u00e9sident Macky Sall, pr\u00e9sident de la Conf\u00e9rence des leaders de la coalition. Laquelle lui a donn\u00e9 carte blanche pour d\u00e9signer son candidat.<\/p>\n\n\n\n<p>Source &#8211; seneweb<\/p>\n","protected":false},"excerpt":{"rendered":"<p>Le Haut repr\u00e9sentant du chef de l\u2019\u00c9tat, Moustapha Niasse, a boucl\u00e9 ce mardi les auditions des candidats pour porter les<\/p>\n","protected":false},"author":1,"featured_media":16939,"comment_status":"open","ping_status":"open","sticky":false,"template":"","format":"standard","meta":{"footnotes":""},"categories":[6],"tags":[],"class_list":["post-16938","post","type-post","status-publish","format-standard","has-post-thumbnail","hentry","category-politics"],"_links":{"self":[{"href":"https:\/\/dekkbi.com\/index.php?rest_route=\/wp\/v2\/posts\/16938","targetHints":{"allow":["GET"]}}],"collection":[{"href":"https:\/\/dekkbi.com\/index.php?rest_route=\/wp\/v2\/posts"}],"about":[{"href":"https:\/\/dekkbi.com\/index.php?rest_route=\/wp\/v2\/types\/post"}],"author":[{"embeddable":true,"href":"https:\/\/dekkbi.com\/index.php?rest_route=\/wp\/v2\/users\/1"}],"replies":[{"embeddable":true,"href":"https:\/\/dekkbi.com\/index.php?rest_route=%2Fwp%2Fv2%2Fcomments&post=16938"}],"version-history":[{"count":1,"href":"https:\/\/dekkbi.com\/index.php?rest_route=\/wp\/v2\/posts\/16938\/revisions"}],"predecessor-version":[{"id":16940,"href":"https:\/\/dekkbi.com\/index.php?rest_route=\/wp\/v2\/posts\/16938\/revisions\/16940"}],"wp:featuredmedia":[{"embeddable":true,"href":"https:\/\/dekkbi.com\/index.php?rest_route=\/wp\/v2\/media\/16939"}],"wp:attachment":[{"href":"https:\/\/dekkbi.com\/index.php?rest_route=%2Fwp%2Fv2%2Fmedia&parent=16938"}],"wp:term":[{"taxonomy":"category","embeddable":true,"href":"https:\/\/dekkbi.com\/index.php?rest_route=%2Fwp%2Fv2%2Fcategories&post=16938"},{"taxonomy":"post_tag","embeddable":true,"href":"https:\/\/dekkbi.com\/index.php?rest_route=%2Fwp%2Fv2%2Ftags&post=16938"}],"curies":[{"name":"wp","href":"https:\/\/api.w.org\/{rel}","templated":true}]}}