{"id":16921,"date":"2023-07-18T16:39:34","date_gmt":"2023-07-18T16:39:34","guid":{"rendered":"https:\/\/dekkbi.com\/?p=16921"},"modified":"2023-07-18T16:39:35","modified_gmt":"2023-07-18T16:39:35","slug":"25e-anniversaire-du-statut-de-rome-de-la-cour-penale-internationale","status":"publish","type":"post","link":"https:\/\/dekkbi.com\/?p=16921","title":{"rendered":"25e anniversaire du Statut de Rome de la Cour p\u00e9nale internationale"},"content":{"rendered":"\n<p>L&rsquo;Assembl\u00e9e des \u00c9tats parties (AEP), la CPI et le Fonds au profit des victimes (FPV) comm\u00e9morent ensemble le 25e anniversaire du Statut de Rome de la Cour p\u00e9nale internationale. \u00ab Le monde a besoin de justice. Les atrocit\u00e9s commises au cours du XXe si\u00e8cle, qui ont abouti \u00e0 la cr\u00e9ation de la Cour, n\u2019ont pas tari depuis, et nous assistons d\u00e9sormais \u00e0 une \u00e9rosion croissante du multilat\u00e9ralisme et de la primaut\u00e9 du droit \u00bb, a\u00a0 dit Silvia Fern\u00e1ndez de Gurmendi, Pr\u00e9sidente de l&rsquo;Assembl\u00e9e des \u00c9tats parties \u00e0 cette occasion<br>Elle a ajout\u00e9 : \u00ab En juillet 1998, la Cour n\u2019\u00e9tait qu\u2019une id\u00e9e encore \u00e0 concr\u00e9tiser. Vingt?cinq ans apr\u00e8s, l\u2019espoir demeure que davantage d\u2019\u00c9tats rejoignent cet effort historique, afin de maximiser le potentiel qu\u2019a l\u2019institution de rendre la justice dans notre monde tumultueux \u00bb. Pour sa part, le Pr\u00e9sident de la CPI, le juge Piotr Hofma?ski, a rendu hommage \u00e0 tous les diplomates, membres de la soci\u00e9t\u00e9 civile et autres qui ont permis l&rsquo;adoption du Statut de Rome il y a 25 ans. Ce fut un moment historique dans la qu\u00eate commune de la communaut\u00e9 internationale pour mettre fin \u00e0 l&rsquo;impunit\u00e9 pour le crime de g\u00e9nocide, les crimes contre l&rsquo;humanit\u00e9, les crimes de guerre et le crime d&rsquo;agression \u00bb. Le Procureur de la CPI, M. Karim Khan KC, a fait remarquer que c&rsquo;est le moment de r\u00e9fl\u00e9chir \u00e0 ce qui a \u00e9t\u00e9 accompli mais, c\u2019est peut-\u00eatre encore plus important, \u00e0 ce qui peut encore se faire de plus ensemble. \u00ab\u00a0 Cette \u00e9tape importante devrait \u00eatre utilis\u00e9e pour acc\u00e9l\u00e9rer notre action visant \u00e0 transformer la promesse tant attendue de justice en une r\u00e9alit\u00e9 pour les communaut\u00e9s que nous servons. Notre volont\u00e9 d&rsquo;\u00e9voluer, notre souci d&rsquo;am\u00e9liorer notre travail et notre d\u00e9termination \u00e0 obtenir des r\u00e9sultats seront essentiels pour approfondir l&rsquo;impact de la justice p\u00e9nale internationale au cours du prochain quart de si\u00e8cle.\u00bb<br>La CPI a \u00e9t\u00e9 ratifi\u00e9 par 123 pays. Elle est la premi\u00e8re juridiction p\u00e9nale internationale permanente cr\u00e9\u00e9e pour contribuer \u00e0 mettre fin \u00e0 l\u2019impunit\u00e9 des auteurs des crimes les plus graves qui touchent la communaut\u00e9 internationale, \u00e0 savoir les crimes de guerre, les crimes contre l\u2019humanit\u00e9, le crime de g\u00e9nocide et le crime d\u2019agression. Le Statut de Rome a \u00e9galement cr\u00e9\u00e9 le Fonds au profit des victimes charg\u00e9 de r\u00e9parer le pr\u00e9judice subi par les victimes des crimes du Statut de Rome, par le biais de l\u2019octroi de r\u00e9parations ordonn\u00e9es par la CPI et d&rsquo;autres programmes en leur faveur. Le Fonds met en \u0153uvre d&rsquo;autres programmes au profit des victimes \u00e0 travers la fourniture de soins m\u00e9dicaux, de r\u00e9habilitation psychologique, de soutien socio-\u00e9conomique et d&rsquo;\u00e9ducation. Le Fonds aide les survivants \u00e0 entamer le processus de gu\u00e9rison et de reconstruction de leur vie, afin qu&rsquo;ils puissent promouvoir la paix et la r\u00e9conciliation.<\/p>\n\n\n\n<p>Source &#8211; rfi<\/p>\n","protected":false},"excerpt":{"rendered":"<p>L&rsquo;Assembl\u00e9e des \u00c9tats parties (AEP), la CPI et le Fonds au profit des victimes (FPV) comm\u00e9morent ensemble le 25e anniversaire<\/p>\n","protected":false},"author":1,"featured_media":16922,"comment_status":"open","ping_status":"open","sticky":false,"template":"","format":"standard","meta":{"footnotes":""},"categories":[51],"tags":[],"class_list":["post-16921","post","type-post","status-publish","format-standard","has-post-thumbnail","hentry","category-general"],"_links":{"self":[{"href":"https:\/\/dekkbi.com\/index.php?rest_route=\/wp\/v2\/posts\/16921","targetHints":{"allow":["GET"]}}],"collection":[{"href":"https:\/\/dekkbi.com\/index.php?rest_route=\/wp\/v2\/posts"}],"about":[{"href":"https:\/\/dekkbi.com\/index.php?rest_route=\/wp\/v2\/types\/post"}],"author":[{"embeddable":true,"href":"https:\/\/dekkbi.com\/index.php?rest_route=\/wp\/v2\/users\/1"}],"replies":[{"embeddable":true,"href":"https:\/\/dekkbi.com\/index.php?rest_route=%2Fwp%2Fv2%2Fcomments&post=16921"}],"version-history":[{"count":1,"href":"https:\/\/dekkbi.com\/index.php?rest_route=\/wp\/v2\/posts\/16921\/revisions"}],"predecessor-version":[{"id":16923,"href":"https:\/\/dekkbi.com\/index.php?rest_route=\/wp\/v2\/posts\/16921\/revisions\/16923"}],"wp:featuredmedia":[{"embeddable":true,"href":"https:\/\/dekkbi.com\/index.php?rest_route=\/wp\/v2\/media\/16922"}],"wp:attachment":[{"href":"https:\/\/dekkbi.com\/index.php?rest_route=%2Fwp%2Fv2%2Fmedia&parent=16921"}],"wp:term":[{"taxonomy":"category","embeddable":true,"href":"https:\/\/dekkbi.com\/index.php?rest_route=%2Fwp%2Fv2%2Fcategories&post=16921"},{"taxonomy":"post_tag","embeddable":true,"href":"https:\/\/dekkbi.com\/index.php?rest_route=%2Fwp%2Fv2%2Ftags&post=16921"}],"curies":[{"name":"wp","href":"https:\/\/api.w.org\/{rel}","templated":true}]}}