{"id":16906,"date":"2023-07-18T15:03:37","date_gmt":"2023-07-18T15:03:37","guid":{"rendered":"https:\/\/dekkbi.com\/?p=16906"},"modified":"2023-07-18T15:03:38","modified_gmt":"2023-07-18T15:03:38","slug":"grace-au-pacasen-un-jour-nouveau-se-leve-a-matam","status":"publish","type":"post","link":"https:\/\/dekkbi.com\/?p=16906","title":{"rendered":"Gr\u00e2ce au PACASEN, un jour nouveau se l\u00e8ve \u00e0 Matam"},"content":{"rendered":"\n<p><strong>Avec l\u2019av\u00e8nement du Programme d\u2019appui aux communes et agglom\u00e9rations du S\u00e9n\u00e9gal (PACASEN), lance? le 9 juillet 2018 par le chef de l\u2019\u00c9tat, Macky Sall, c\u2019est un jour nouveau qui se l\u00e8ve, pour les 123 collectivit\u00e9s territoriales b\u00e9n\u00e9ficiaires. Parmi celles-ci figure la commune de Matam o\u00f9 cet ambitieux programme d\u2019une dur\u00e9e de cinq ans (2018- 2023),coordonn\u00e9 par l\u2019Agence de d\u00e9veloppement municipal (ADM), a permis de r\u00e9aliser des projets structurants.\u00a0<\/strong><br>Venu s\u2019enqu\u00e9rir de l\u2019impact que les investissements ont eu sur le v\u00e9cu des populations, le charg\u00e9 de communication de l\u2019Agence de d\u00e9veloppement municipal (ADM), El Hadji Alassane Diallo intervenant dans la commune de Matam, a fait part des performances r\u00e9alis\u00e9es par la collectivit\u00e9 dans le cadre du Programme d\u2019appui aux communes et agglom\u00e9rations du S\u00e9n\u00e9gal. Un heureux constat, selon lui, car \u00ab durant les quatre ann\u00e9es, la commune de Matam a\u00a0 r\u00e9alis\u00e9 des projets dans les domaines marchand et sanitaire, dans le cadre desquels elle a construit des infrastructures tels que le march\u00e9 de Matam et le poste de sant\u00e9 de Navel qui ont eu des impacts r\u00e9els sur les populations \u00bb.<br>Le Secr\u00e9taire municipal de la commune de Matam, qui salue la pertinence du PACASEN, soutient que le programme a contribu\u00e9 a? am\u00e9liorer de mani\u00e8re p\u00e9renne la gouvernance et les ressources financi\u00e8res et humaines de l\u2019ensemble des collectivit\u00e9s territoriales pilotes. Malick Ba estime que le programme encourage ces communes a? respecter le Code g\u00e9n\u00e9ral des collectivit\u00e9s territoriales qui demande un certain nombre de crit\u00e8res, dont la transparence dans la gestion financi\u00e8re.<br>\u00abRares sont les communes qui avaient des recettes d\u2019investissement. Le PACASEN est venu appuyer Matam qui a mis en \u0153uvre des projets et a commenc\u00e9? a? disposer d\u2019infrastructures gr\u00e2ce aux dotations re\u00e7ues. Toutes ces r\u00e9alisations ont un impact positif consid\u00e9rable sur la vie des Matamois \u00bb, assure le Secr\u00e9taire municipal, non sans pr\u00e9ciser que la commune de Matam encourage fortement la participation des citoyens dans la gestion des affaires locales. En effet, la collectivit\u00e9? qui s\u2019est engag\u00e9e a? \u00eatre la plus transparente possible a choisi d\u2019inclure dans ses d\u00e9cisions les citoyens qui donnent leur avis et formulent des propositions sur des projets a? r\u00e9aliser. \u00ab Les populations sont impliqu\u00e9es dans tout ce que nous faisons et qui a un impact dans leur vie quotidienne. Plut\u00f4t que de d\u00e9cider seul des projets a? r\u00e9aliser, nous les associons \u00e0 la r\u00e9flexion. Cela permet de r\u00e9aliser leurs souhaits puisque ce sont eux qui vivent dans la commune et savent ce dont ils ont r\u00e9ellement besoin \u00bb, renseigne-t-il.<br>Faisant savoir que dans cette dynamique, la commune de Matam s\u2019est conform\u00e9e, depuis la mise en \u0153uvre du programme, au respect des Conditions minimales obligatoires (CMO). Qu\u2019il s\u2019agisse du respect du vote en 2021 du budget avant le 31 d\u00e9cembre de l\u2019ann\u00e9e, la soumission du compte administratif, la conformit\u00e9? de la commune a? ses obligations vis-a?-vis de la dette du PRECOL, mais aussi le r\u00e8glement de sa participation financi\u00e8re pour le fonctionnement de l\u2019ARD, la soumission du Programme d\u2019investissement triennal, le respect des proc\u00e9dures de passation de marche? et des dispositions du manuel de proc\u00e9dures relatives a? l\u2019\u00e9valuation environnementale et sociale des projets.<br>Le respect de ces conditions pr\u00e9d\u00e9finies a permis \u00e0 la commune de b\u00e9n\u00e9ficier aussi des ressources additionnelles du Fonds d\u2019\u00e9quipement des collectivit\u00e9s territoriales (FECT). Ainsi, entre 2019 et 2022, la commune de Matam a re\u00e7u une dotation de 25 753 172 FCFA. Une partie des fonds a \u00e9t\u00e9 utilis\u00e9e pour la construction d\u2019\u00e9quipements marchands au niveau du march\u00e9 central.<br>\u00ab Gr\u00e2ce aux financements du PACASEN, nous avons pu r\u00e9aliser 20 cantines suppl\u00e9mentaires au niveau du march\u00e9? pour assurer une certaine autonomie de nos ressources \u00bb, indique le Secr\u00e9taire municipal.<br>Pour rendre les soins accessibles a? tous, la commune a investi dans la construction d\u2019un poste de sante? a? Nawel, selon M. Ba. \u00ab Cette structure sanitaire vient r\u00e9pondre a? un besoin de la population. Ce quartier, tr\u00e8s excentre?, n\u2019a pas e?te? choisi par hasard. Une fois achev\u00e9?, ce poste permettra aux populations de ce quartier d\u2019acc\u00e9der plus facilement aux soins \u00bb, indique-t-il.<br>Dans le cadre de l\u2019assainissement aussi, le programme est intervenu pour l\u2019assainissement des quartiers de Gourel Serigne et Halwar. \u00ab Pendant la saison des pluies, les populations de ces deux quartiers souffrent des inondations. Malheureusement, ce projet a tra\u00een\u00e9 du fait de la d\u00e9faillance de l\u2019entreprise charg\u00e9e des travaux. Le projet a \u00e9t\u00e9 relance? et bient\u00f4t ce probl\u00e8me sera un vieux souvenir pour les habitants de cette zone \u00bb, assure M. Ba.\u00a0<br>En ce qui concerne le sport, la r\u00e9habilitation du stade municipal de Matam fait partie des perspectives. L\u2019infrastructure souffre depuis plus de dix ans d\u2019une d\u00e9gradation inqui\u00e9tante. Sa r\u00e9habilitation permettra de renforcer l\u2019offre infrastructurelle et de booster la pratique du sport dans la commune de Matam. Aujourd\u2019hui, note-t-il, le d\u00e9fi majeur de la commune de Matam est de relever le niveau des infrastructures d\u2019investissements pour am\u00e9liorer les conditions de vie des populations. \u00ab Le PACASEN nous offre cette opportunit\u00e9 et nous allons en profiter au maximum \u00bb, indique-t-il.<\/p>\n\n\n\n<p>Source &#8211; seneweb<\/p>\n","protected":false},"excerpt":{"rendered":"<p>Avec l\u2019av\u00e8nement du Programme d\u2019appui aux communes et agglom\u00e9rations du S\u00e9n\u00e9gal (PACASEN), lance? le 9 juillet 2018 par le chef<\/p>\n","protected":false},"author":1,"featured_media":16907,"comment_status":"open","ping_status":"open","sticky":false,"template":"","format":"standard","meta":{"footnotes":""},"categories":[21],"tags":[],"class_list":["post-16906","post","type-post","status-publish","format-standard","has-post-thumbnail","hentry","category-societe"],"_links":{"self":[{"href":"https:\/\/dekkbi.com\/index.php?rest_route=\/wp\/v2\/posts\/16906","targetHints":{"allow":["GET"]}}],"collection":[{"href":"https:\/\/dekkbi.com\/index.php?rest_route=\/wp\/v2\/posts"}],"about":[{"href":"https:\/\/dekkbi.com\/index.php?rest_route=\/wp\/v2\/types\/post"}],"author":[{"embeddable":true,"href":"https:\/\/dekkbi.com\/index.php?rest_route=\/wp\/v2\/users\/1"}],"replies":[{"embeddable":true,"href":"https:\/\/dekkbi.com\/index.php?rest_route=%2Fwp%2Fv2%2Fcomments&post=16906"}],"version-history":[{"count":1,"href":"https:\/\/dekkbi.com\/index.php?rest_route=\/wp\/v2\/posts\/16906\/revisions"}],"predecessor-version":[{"id":16908,"href":"https:\/\/dekkbi.com\/index.php?rest_route=\/wp\/v2\/posts\/16906\/revisions\/16908"}],"wp:featuredmedia":[{"embeddable":true,"href":"https:\/\/dekkbi.com\/index.php?rest_route=\/wp\/v2\/media\/16907"}],"wp:attachment":[{"href":"https:\/\/dekkbi.com\/index.php?rest_route=%2Fwp%2Fv2%2Fmedia&parent=16906"}],"wp:term":[{"taxonomy":"category","embeddable":true,"href":"https:\/\/dekkbi.com\/index.php?rest_route=%2Fwp%2Fv2%2Fcategories&post=16906"},{"taxonomy":"post_tag","embeddable":true,"href":"https:\/\/dekkbi.com\/index.php?rest_route=%2Fwp%2Fv2%2Ftags&post=16906"}],"curies":[{"name":"wp","href":"https:\/\/api.w.org\/{rel}","templated":true}]}}