{"id":16856,"date":"2023-07-18T12:29:42","date_gmt":"2023-07-18T12:29:42","guid":{"rendered":"https:\/\/dekkbi.com\/?p=16856"},"modified":"2023-07-18T12:29:42","modified_gmt":"2023-07-18T12:29:42","slug":"presidentielle-anta-babacar-ngom-serigne-mboup-lheure-a-t-elle-sonne-pour-les-figures-du-secteur-prive","status":"publish","type":"post","link":"https:\/\/dekkbi.com\/?p=16856","title":{"rendered":"Pr\u00e9sidentielle \/ Anta Babacar Ngom, Serigne Mboup\u2026: L\u2019heure a-t-elle sonn\u00e9 pour les figures du secteur priv\u00e9 ?"},"content":{"rendered":"\n<p><strong>A quelque six mois de l\u2019\u00e9lection pr\u00e9sidentielle, les d\u00e9clarations de candidatures se multiplient. Pour les joutes de f\u00e9vrier prochain, pas moins de 40 S\u00e9n\u00e9galais ont d\u00e9cid\u00e9 de se lancer dans la course, parmi lesquels, des acteurs du secteur priv\u00e9. Toujours class\u00e9s loin du podium, ces derniers pourront-ils vraiment cr\u00e9er la surprise en 2024 ?<\/strong><\/p>\n\n\n\n<p>Pour la pr\u00e9sidentielle de 2024 \u00e0 laquelle le chef de l\u2019Etat sortant ne sera pas candidat, les politiques classiques ne seront pas les seuls sur la ligne de d\u00e9part. D\u2019autres acteurs issus du priv\u00e9 sont \u00e9galement en lice pour esp\u00e9rer pr\u00e9sider aux destin\u00e9es du pays \u00e0 partir du 2 avril prochain, date officielle de la prestation de serment du nouveau pr\u00e9sident. Parmi ceux-ci, il y a notamment Anta Babacar Ngom,&nbsp; Mamoudou Ibra Kane, Serigne Mboup.<\/p>\n\n\n\n<p>En effet, dans une d\u00e9claration adress\u00e9e \u00e0 ses compatriotes s\u00e9n\u00e9galais, l\u2019entrepreneure et fille de Babacar Ngom, -propri\u00e9taire du groupe Sedima-, a exprim\u00e9 sa vision pour un S\u00e9n\u00e9gal uni et prosp\u00e8re. Elle a reconnu les d\u00e9fis auxquels le pays est confront\u00e9, notamment la division sociale, la pauvret\u00e9, et l\u2019incertitude \u00e9conomique, mais elle a \u00e9galement exprim\u00e9 sa conviction que le changement est possible.<\/p>\n\n\n\n<p>Et d\u2019apr\u00e8s Anta Babacar Ngom, l\u2019\u00e9lection pr\u00e9sidentielle de 2024 sera une \u00e9tape d\u00e9cisive pour l\u2019avenir du S\u00e9n\u00e9gal, en raison notamment des nouvelles d\u00e9couvertes p\u00e9troli\u00e8res et gazi\u00e8res qui impacteront fortement le mod\u00e8le \u00e9conomique du pays pour les cinquante prochaines ann\u00e9es. Elle a donc appel\u00e9 \u00e0 une r\u00e9\u00e9criture de l\u2019histoire du pays pour l\u2019adapter aux r\u00e9alit\u00e9s sociales, culturelles, \u00e9conomiques et religieuses actuelles.<\/p>\n\n\n\n<p>De son c\u00f4t\u00e9, l\u2019homme d\u2019affaires et maire de Kaolack, qui \u00ab r\u00e9fl\u00e9chissait s\u00e9rieusement \u00bb sur sa probable candidature, a pr\u00e9vu de faire une d\u00e9claration dans un avenir proche. \u00ab And Nawl\u00e9 est toujours l\u00e0. Nous y r\u00e9fl\u00e9chissons, nous \u00e9tudions cela et nous allons pr\u00e9senter quelque chose de concret. Nous souhaitons un encadrement et nous ne doutons pas de notre participation. Notre objectif principal est de cr\u00e9er des emplois. Nous avons cr\u00e9\u00e9 plus de 20 000 emplois en collaboration avec des entreprises s\u00e9n\u00e9galaises. Nos efforts sont salu\u00e9s par des intellectuels, comme l&rsquo;ancien pr\u00e9sident Abdoulaye Wade. Nous nous concentrons \u00e0 la fois sur la macro\u00e9conomie et l&rsquo;\u00e9conomie populaire \u00bb, a r\u00e9pondu M. Mboup sur les ondes de la radio Alfayda Fm de Kaolack. Ce qui serait une premi\u00e8re pr\u00e9sidentielle pour l\u2019ancien pensionnaire du Daara de Koki.<\/p>\n\n\n\n<p>Mais bien avant eux, d\u2019autres hommes et femmes d\u2019affaires tels que Youssou Ndour, Diouma Dieng Diakhat\u00e9, Bougane Gu\u00e8ye Dani entre autres, qui ont tent\u00e9 le coup sans r\u00e9el succ\u00e8s. Une \u00ab r\u00e9alit\u00e9 \u00bb que le politologue Babacar Ndiaye explique par une distance entre ces derniers et la r\u00e9alit\u00e9 politique.<\/p>\n\n\n\n<p><strong>Les principaux obstacles<\/strong><\/p>\n\n\n\n<p>\u00ab L\u2019\u00e9lection pr\u00e9sidentielle est ouverte \u00e0 tout le monde pourvu qu\u2019on respecte les crit\u00e8res d\u00e9finis par la Constitution. Apr\u00e8s cela, il y a des r\u00e9alit\u00e9s : on peut avoir un parcours \u00e9logieux dans le secteur priv\u00e9, r\u00e9ussir beaucoup de chose, mais cela ne fait pas de vous quelqu\u2019un qui va gagner les \u00e9lections pr\u00e9sidentielles \u00bb, a soulign\u00e9 le directeur de la recherche du think tank \u2018\u2019Wathi\u2019\u2019. Pour M. Ndiaye, il faut avoir un appareil politique, une bonne organisation, une \u00e9quipe et des gens qui vont se d\u00e9ployer sur le terrain pour porter vos messages. \u00ab Mais en g\u00e9n\u00e9ral, ce qu\u2019on observe, c\u2019est que c\u2019est tr\u00e8s difficile pour ces acteurs du secteur priv\u00e9 parce que n\u2019ayant pas vraiment d\u2019appareil politique \u00bb, a-t-il ajout\u00e9, admettant, cependant, qu\u2019une \u00e9lection \u00e0 l\u2019autre, les choses changent. \u00ab Aujourd\u2019hui, il y a beaucoup de personnes qui s\u2019appuient sur les r\u00e9seaux sociaux pour d\u00e9livrer leurs messages \u00bb, explique notre interlocuteur.<\/p>\n\n\n\n<p>L\u2019analyste politique pense \u00e9galement que le parrainage peut \u00eatre \u00ab un obstacle \u00bb pour ces candidats du secteur priv\u00e9 si l\u2019on sait que contrairement aux candidats issus des partis politiques, qui peuvent \u00eatre soutenus par un certain nombre d\u2019\u00e9lus (13 d\u00e9put\u00e9s par exemple), ils sont oblig\u00e9s de franchir l\u2019\u00e9tape du parrainage citoyen. &nbsp;<\/p>\n\n\n\n<p>Mieux, Babacar Ndiaye rappelle qu\u2019\u00ab une \u00e9lection pr\u00e9sidentielle demande du temps, de la r\u00e9flexion, une bonne visibilit\u00e9 sur l\u2019ensemble du territoire national \u00bb. Ce qui, selon lui, requiert \u00ab une pr\u00e9paration \u00bb. A ce titre, il trouve \u00ab tr\u00e8s difficile \u00bb de faire ce travail \u00e0 quelques mois des \u00e9ch\u00e9ances. \u00ab La campagne permet juste de repasser et de rencontrer \u00e0 nouveau les populations pour esp\u00e9rer gagner les \u00e9lections \u00bb, insiste-t-il.<\/p>\n\n\n\n<p>Le directeur de la recherche du think tank \u2018\u2019Wathi\u2019\u2019 soutient par ailleurs que conscients de cette r\u00e9alit\u00e9, Pape Djibril Fall et Ahmed Aidara, tous les deux acteurs des m\u00e9dias, ont int\u00e9gr\u00e9 des coalitions pour s\u2019en sortir lors des derni\u00e8res \u00e9ch\u00e9ances \u00e9lectorales.<\/p>\n\n\n\n<p>Source &#8211; seneweb<\/p>\n","protected":false},"excerpt":{"rendered":"<p>A quelque six mois de l\u2019\u00e9lection pr\u00e9sidentielle, les d\u00e9clarations de candidatures se multiplient. Pour les joutes de f\u00e9vrier prochain, pas<\/p>\n","protected":false},"author":1,"featured_media":16867,"comment_status":"open","ping_status":"closed","sticky":false,"template":"","format":"standard","meta":{"footnotes":""},"categories":[6],"tags":[],"class_list":["post-16856","post","type-post","status-publish","format-standard","has-post-thumbnail","hentry","category-politics"],"_links":{"self":[{"href":"https:\/\/dekkbi.com\/index.php?rest_route=\/wp\/v2\/posts\/16856","targetHints":{"allow":["GET"]}}],"collection":[{"href":"https:\/\/dekkbi.com\/index.php?rest_route=\/wp\/v2\/posts"}],"about":[{"href":"https:\/\/dekkbi.com\/index.php?rest_route=\/wp\/v2\/types\/post"}],"author":[{"embeddable":true,"href":"https:\/\/dekkbi.com\/index.php?rest_route=\/wp\/v2\/users\/1"}],"replies":[{"embeddable":true,"href":"https:\/\/dekkbi.com\/index.php?rest_route=%2Fwp%2Fv2%2Fcomments&post=16856"}],"version-history":[{"count":1,"href":"https:\/\/dekkbi.com\/index.php?rest_route=\/wp\/v2\/posts\/16856\/revisions"}],"predecessor-version":[{"id":16868,"href":"https:\/\/dekkbi.com\/index.php?rest_route=\/wp\/v2\/posts\/16856\/revisions\/16868"}],"wp:featuredmedia":[{"embeddable":true,"href":"https:\/\/dekkbi.com\/index.php?rest_route=\/wp\/v2\/media\/16867"}],"wp:attachment":[{"href":"https:\/\/dekkbi.com\/index.php?rest_route=%2Fwp%2Fv2%2Fmedia&parent=16856"}],"wp:term":[{"taxonomy":"category","embeddable":true,"href":"https:\/\/dekkbi.com\/index.php?rest_route=%2Fwp%2Fv2%2Fcategories&post=16856"},{"taxonomy":"post_tag","embeddable":true,"href":"https:\/\/dekkbi.com\/index.php?rest_route=%2Fwp%2Fv2%2Ftags&post=16856"}],"curies":[{"name":"wp","href":"https:\/\/api.w.org\/{rel}","templated":true}]}}