{"id":16799,"date":"2023-07-18T09:45:01","date_gmt":"2023-07-18T09:45:01","guid":{"rendered":"https:\/\/dekkbi.com\/?p=16799"},"modified":"2023-07-18T09:45:01","modified_gmt":"2023-07-18T09:45:01","slug":"gris-en-octobre-et-modou-lo-en-novembre-ama-balde-pris-entre-deux-feux","status":"publish","type":"post","link":"https:\/\/dekkbi.com\/?p=16799","title":{"rendered":"Gris en octobre et Modou L\u00f4 en novembre, Ama Bald\u00e9 pris entre deux feux"},"content":{"rendered":"\n<p>Ama Bald\u00e9 pourrait \u00eatre amen\u00e9 \u00e0 livrer deux combats en un mois d\u2019intervalle. Le CNG a retenu novembre prochain pour son face-\u00e0-face contre Modou L\u00f4, initialement fix\u00e9 le 13 mars 2022 puis report\u00e9 \u00e0 cause d\u2019une blessure de ce dernier. Et ce mardi, Sunu Lamb r\u00e9v\u00e8le que le promoteur Ibrahima Diop a d\u00e9cid\u00e9 de d\u00e9rouler l\u2019affiche opposant le Pikinois \u00e0 Gris Bordeaux un mois plus t\u00f4t, en octobre.<\/p>\n\n\n\n<p>Ce dernier a pris cette d\u00e9cision, souligne le journal, apr\u00e8s que le Fassois a d\u00e9pos\u00e9 au CNG, ce lundi, son certificat de gu\u00e9rison, attestant qu\u2019il s\u2019est remis de la blessure qui avait conduit au report de son combat contre Ama Bald\u00e9, initialement programm\u00e9 le 5 f\u00e9vrier dernier.<\/p>\n\n\n\n<p>Deux questions se posent : le CNG ent\u00e9rinera-t-il le souhait du promoteur Ibrahima Diop ? Et, le cas \u00e9ch\u00e9ant, Ama Bald\u00e9 sera-t-il en mesure d\u2019honorer les deux rendez-vous ?<\/p>\n\n\n\n<p>Dans son camp, on r\u00e9pond par l\u2019affirmative. \u00abSi le CNG officialise Modou Lo-Ama Bald\u00e9 et Ama Bald\u00e9-Gris Bordeaux pour le m\u00eame weekend, on est preneurs et on va tous les remporter\u00bb, raille Abdou Bakhoum, le manager du Pikinois. Fa\u00e7on de montrer que la proximit\u00e9 des deux dates ne les g\u00eanerait pas ?<\/p>\n\n\n\n<p>Ama Bald\u00e9 pourrait \u00eatre amen\u00e9 \u00e0 livrer deux combats en un mois d\u2019intervalle. Le CNG a retenu novembre prochain pour son face-\u00e0-face contre Modou L\u00f4, initialement fix\u00e9 le 13 mars 2022 puis report\u00e9 \u00e0 cause d\u2019une blessure de ce dernier. Et ce mardi, Sunu Lamb r\u00e9v\u00e8le que le promoteur Ibrahima Diop a d\u00e9cid\u00e9 de d\u00e9rouler l\u2019affiche opposant le Pikinois \u00e0 Gris Bordeaux un mois plus t\u00f4t, en octobre.<\/p>\n\n\n\n<p>Ce dernier a pris cette d\u00e9cision, souligne le journal, apr\u00e8s que le Fassois a d\u00e9pos\u00e9 au CNG, ce lundi, son certificat de gu\u00e9rison, attestant qu\u2019il s\u2019est remis de la blessure qui avait conduit au report de son combat contre Ama Bald\u00e9, initialement programm\u00e9 le 5 f\u00e9vrier dernier.<\/p>\n\n\n\n<p>Deux questions se posent : le CNG ent\u00e9rinera-t-il le souhait du promoteur Ibrahima Diop ? Et, le cas \u00e9ch\u00e9ant, Ama Bald\u00e9 sera-t-il en mesure d\u2019honorer les deux rendez-vous ?<\/p>\n\n\n\n<p>Dans son camp, on r\u00e9pond par l\u2019affirmative. \u00abSi le CNG officialise Modou Lo-Ama Bald\u00e9 et Ama Bald\u00e9-Gris Bordeaux pour le m\u00eame weekend, on est preneurs et on va tous les remporter\u00bb, raille Abdou Bakhoum, le manager du Pikinois. Fa\u00e7on de montrer que la proximit\u00e9 des deux dates ne les g\u00eanerait pas ?<\/p>\n\n\n\n<p>Source &#8211; L\u00e9ral<\/p>\n","protected":false},"excerpt":{"rendered":"<p>Ama Bald\u00e9 pourrait \u00eatre amen\u00e9 \u00e0 livrer deux combats en un mois d\u2019intervalle. Le CNG a retenu novembre prochain pour<\/p>\n","protected":false},"author":1,"featured_media":16802,"comment_status":"open","ping_status":"open","sticky":false,"template":"","format":"standard","meta":{"footnotes":""},"categories":[9],"tags":[],"class_list":["post-16799","post","type-post","status-publish","format-standard","has-post-thumbnail","hentry","category-sports"],"_links":{"self":[{"href":"https:\/\/dekkbi.com\/index.php?rest_route=\/wp\/v2\/posts\/16799","targetHints":{"allow":["GET"]}}],"collection":[{"href":"https:\/\/dekkbi.com\/index.php?rest_route=\/wp\/v2\/posts"}],"about":[{"href":"https:\/\/dekkbi.com\/index.php?rest_route=\/wp\/v2\/types\/post"}],"author":[{"embeddable":true,"href":"https:\/\/dekkbi.com\/index.php?rest_route=\/wp\/v2\/users\/1"}],"replies":[{"embeddable":true,"href":"https:\/\/dekkbi.com\/index.php?rest_route=%2Fwp%2Fv2%2Fcomments&post=16799"}],"version-history":[{"count":1,"href":"https:\/\/dekkbi.com\/index.php?rest_route=\/wp\/v2\/posts\/16799\/revisions"}],"predecessor-version":[{"id":16803,"href":"https:\/\/dekkbi.com\/index.php?rest_route=\/wp\/v2\/posts\/16799\/revisions\/16803"}],"wp:featuredmedia":[{"embeddable":true,"href":"https:\/\/dekkbi.com\/index.php?rest_route=\/wp\/v2\/media\/16802"}],"wp:attachment":[{"href":"https:\/\/dekkbi.com\/index.php?rest_route=%2Fwp%2Fv2%2Fmedia&parent=16799"}],"wp:term":[{"taxonomy":"category","embeddable":true,"href":"https:\/\/dekkbi.com\/index.php?rest_route=%2Fwp%2Fv2%2Fcategories&post=16799"},{"taxonomy":"post_tag","embeddable":true,"href":"https:\/\/dekkbi.com\/index.php?rest_route=%2Fwp%2Fv2%2Ftags&post=16799"}],"curies":[{"name":"wp","href":"https:\/\/api.w.org\/{rel}","templated":true}]}}