{"id":16780,"date":"2023-07-18T09:11:06","date_gmt":"2023-07-18T09:11:06","guid":{"rendered":"https:\/\/dekkbi.com\/?p=16780"},"modified":"2023-07-18T09:11:09","modified_gmt":"2023-07-18T09:11:09","slug":"pourquoi-la-belgique-est-protegee-du-dome-de-chaleur-qui-etouffe-leurope","status":"publish","type":"post","link":"https:\/\/dekkbi.com\/?p=16780","title":{"rendered":"Pourquoi la Belgique est \u201cprot\u00e9g\u00e9e\u201d du d\u00f4me de chaleur qui \u00e9touffe l\u2019Europe"},"content":{"rendered":"\n<p><strong>De l\u2019Espagne \u00e0 l\u2019Italie, en passant par la Gr\u00e8ce, de nombreux pays europ\u00e9ens sont actuellement touch\u00e9s par la canicule. Pourtant, la Belgique est relativement \u00e9pargn\u00e9e par ces temp\u00e9ratures \u00e9lev\u00e9es.<\/strong><\/p>\n\n\n\n<p>Ce d\u00f4me de chaleur vient d\u2019un blocage d\u2019air chaud en dessous d\u2019un anticyclone, caract\u00e9ris\u00e9 par une haute pression de l\u2019atmosph\u00e8re. Si la Belgique peut \u00eatre concern\u00e9e par un tel ph\u00e9nom\u00e8ne, sa dur\u00e9e de vie est moindre. \u201cLe pays se situe dans une zone d\u00e9pressionnaire, ce qui nous prot\u00e8ge de la vague de chaleur qui r\u00e8gne sur le sud du continent\u201d, pr\u00e9cise Pascal Mailier, m\u00e9t\u00e9orologue \u00e0 l\u2019IRM, pour Le Soir.<\/p>\n\n\n\n<p>Ces d\u00e9pressions viennent limiter l\u2019impact du d\u00f4me. \u201cContrairement au sud de l\u2019Europe, nous avons un vent d\u2019origine sud-ouest, donc de l\u2019air maritime et plut\u00f4t temp\u00e9r\u00e9 sous l\u2019influence d\u2019un vent ascendant\u201d, poursuit-il. Ce vent permet la formation de nuages, voire de pr\u00e9cipitations, et peut entra\u00eener une baisse des temp\u00e9ratures.<\/p>\n\n\n\n<h2 class=\"wp-block-heading\">Une bonne partie de l\u2019Europe toujours \u00e9cras\u00e9e par la chaleur<\/h2>\n\n\n\n<p>Les vagues de chaleur vont encore s\u2019accentuer mardi. Le mercure continue de tutoyer, voire d\u00e9passer, les 40\u00b0C dans plusieurs r\u00e9gions d\u2019Europe et notamment en Gr\u00e8ce o\u00f9 plusieurs incendies se sont d\u00e9clar\u00e9s lundi entra\u00eenant l\u2019\u00e9vacuation de zones baln\u00e9aires. En Italie, les records n\u2019ont pas \u00e9t\u00e9 battus lundi, avec 39\u00b0C \u00e0 l\u2019ombre \u00e0 Rome. La temp\u00e9rature maximale, 43\u00b0C, a \u00e9t\u00e9 relev\u00e9e \u00e0 Agrigente, en Sicile, et \u00e0 Tarente dans les Pouilles, \u00e9galement dans le sud. Le pic de chaleur est attendu mardi en Sardaigne, une \u00eele o\u00f9 le mercure pourrait fr\u00f4ler les 48\u00b0C.<\/p>\n\n\n\n<p>En Espagne, qui sort d\u2019une semaine d\u00e9j\u00e0 \u00e9touffante, l\u2019agence m\u00e9t\u00e9orologique a \u00e9mis une alerte orange pour lundi. Dans la r\u00e9gion m\u00e9ridionale de Murcie, on a atteint localement 44\u00b0C, 42 pr\u00e8s d\u2019Alicante. La situation s\u2019aggravera mardi puisque certains endroits se retrouveront \u00e0 \u201c10 \u00e0 15\u00b0C\u201d au-dessus des normales. L\u2019alerte passera au rouge sur l\u2019Aragon (nord), la Catalogne (nord-est) et l\u2019\u00eele de Majorque (est), avec 42\u00b0 \u00e0 44\u00b0 attendus. L\u2019\u00e9pisode de chaleur intense doit durer jusqu\u2019\u00e0 mercredi, avant de d\u00e9cliner \u00e0 partir de jeudi.<\/p>\n\n\n\n<p>En Europe, le r\u00e9chauffement est deux fois plus rapide que la moyenne mondiale, notent les experts, et les pays m\u00e9diterran\u00e9ens en souffrent particuli\u00e8rement.<\/p>\n\n\n\n<h2 class=\"wp-block-heading\">Le point sur la m\u00e9t\u00e9o en Belgique<\/h2>\n\n\n\n<p>Le temps ce mardi sera sec et ensoleill\u00e9 avec des champs de nuages moyens et \u00e9lev\u00e9s. L\u2019apr\u00e8s-midi, quelques nuages cumuliformes se d\u00e9velopperont, avec des maxima entre 20 ou 21\u00b0C \u00e0 la plage et 26\u00b0C dans l\u2019int\u00e9rieur du pays, selon les derni\u00e8res pr\u00e9visions de l\u2019IRM.&nbsp;Le vent sera souvent faible sans direction pr\u00e9cise. \u00c0 la mer, il s\u2019orientera au nord \u00e0 nord-ouest l\u2019apr\u00e8s-midi tout en devenant mod\u00e9r\u00e9.<\/p>\n\n\n\n<p>Mardi soir, les \u00e9claircies seront larges. Mais plus tard au cours de la nuit, les nuages deviendront plus nombreux et une averse sera possible. Les minima s\u2019\u00e9chelonneront de 11 \u00e0 16\u00b0C.&nbsp;Mercredi, le temps sera l\u00e9g\u00e8rement variable avec un ciel changeant et quelques averses en cours de journ\u00e9e, surtout en plaine. Les maxima seront en baisse.<\/p>\n","protected":false},"excerpt":{"rendered":"<p>De l\u2019Espagne \u00e0 l\u2019Italie, en passant par la Gr\u00e8ce, de nombreux pays europ\u00e9ens sont actuellement touch\u00e9s par la canicule. Pourtant,<\/p>\n","protected":false},"author":1,"featured_media":16782,"comment_status":"open","ping_status":"open","sticky":false,"template":"","format":"standard","meta":{"footnotes":""},"categories":[51],"tags":[],"class_list":["post-16780","post","type-post","status-publish","format-standard","has-post-thumbnail","hentry","category-general"],"_links":{"self":[{"href":"https:\/\/dekkbi.com\/index.php?rest_route=\/wp\/v2\/posts\/16780","targetHints":{"allow":["GET"]}}],"collection":[{"href":"https:\/\/dekkbi.com\/index.php?rest_route=\/wp\/v2\/posts"}],"about":[{"href":"https:\/\/dekkbi.com\/index.php?rest_route=\/wp\/v2\/types\/post"}],"author":[{"embeddable":true,"href":"https:\/\/dekkbi.com\/index.php?rest_route=\/wp\/v2\/users\/1"}],"replies":[{"embeddable":true,"href":"https:\/\/dekkbi.com\/index.php?rest_route=%2Fwp%2Fv2%2Fcomments&post=16780"}],"version-history":[{"count":1,"href":"https:\/\/dekkbi.com\/index.php?rest_route=\/wp\/v2\/posts\/16780\/revisions"}],"predecessor-version":[{"id":16783,"href":"https:\/\/dekkbi.com\/index.php?rest_route=\/wp\/v2\/posts\/16780\/revisions\/16783"}],"wp:featuredmedia":[{"embeddable":true,"href":"https:\/\/dekkbi.com\/index.php?rest_route=\/wp\/v2\/media\/16782"}],"wp:attachment":[{"href":"https:\/\/dekkbi.com\/index.php?rest_route=%2Fwp%2Fv2%2Fmedia&parent=16780"}],"wp:term":[{"taxonomy":"category","embeddable":true,"href":"https:\/\/dekkbi.com\/index.php?rest_route=%2Fwp%2Fv2%2Fcategories&post=16780"},{"taxonomy":"post_tag","embeddable":true,"href":"https:\/\/dekkbi.com\/index.php?rest_route=%2Fwp%2Fv2%2Ftags&post=16780"}],"curies":[{"name":"wp","href":"https:\/\/api.w.org\/{rel}","templated":true}]}}