{"id":16753,"date":"2023-07-17T12:14:56","date_gmt":"2023-07-17T12:14:56","guid":{"rendered":"https:\/\/dekkbi.com\/?p=16753"},"modified":"2023-07-17T12:14:57","modified_gmt":"2023-07-17T12:14:57","slug":"la-premiere-difficulte-de-taille-rencontree-par-threads-il-faudra-etre-plus-convaincant","status":"publish","type":"post","link":"https:\/\/dekkbi.com\/?p=16753","title":{"rendered":"La premi\u00e8re difficult\u00e9 de taille rencontr\u00e9e par Threads: \u201cIl faudra \u00eatre plus convaincant\u201d"},"content":{"rendered":"\n<p>Une semaine apr\u00e8s son lancement, le nouveau r\u00e9seau social Threads compte plus de 100 millions d\u2019utilisateurs. Malgr\u00e9 ce chiffre tr\u00e8s prometteur, l\u2019application rencontre cependant une premi\u00e8re difficult\u00e9 de taille en ne parvenant pas \u00e0 retenir ses nouveaux membres.<\/p>\n\n\n\n<p>L\u2019engouement est ind\u00e9niable, mais Threads parviendra-t-il \u00e0 s\u2019inscrire sur la dur\u00e9e? Avec son nouveau r\u00e9seau social, Meta veut proposer une alternative cr\u00e9dible \u00e0 Twitter. Mais l\u2019interrogation est l\u00e9gitime, alors que la base d\u2019utilisateurs actifs hebdomadaires est cinq fois plus faible que celle de Twitter, selon le site sp\u00e9cialis\u00e9 TechCrunch.<\/p>\n\n\n\n<p>Apr\u00e8s une premi\u00e8re semaine faste, le nombre d\u2019utilisateurs actifs a chut\u00e9 de 20% entre le samedi 8 juillet (qui a suivi le lancement de l\u2019application) et les mardi 11 et mercredi 12 juillet. Autre \u00e9l\u00e9ment, le temps d\u2019utilisation a \u00e9t\u00e9 diminu\u00e9 de moiti\u00e9, passant de 20 \u00e0 10 minutes.<\/p>\n\n\n\n<p>Sensor Tower, qui estime le nombre d\u2019installations d\u2019applications, estime que Threads \u201caura du mal \u00e0 se tailler une place dans la routine des r\u00e9seaux sociaux\u201d. Le r\u00e9seau social a b\u00e9n\u00e9fici\u00e9 de sa proximit\u00e9 avec Instagram pour son lancement. \u201cIl faudra une proposition de valeur plus convaincante que simplement: \u2018Twitter, mais sans Elon Musk\u2019\u201d, pr\u00e9vient Anthony Bartolacci aupr\u00e8s de CNBC.<\/p>\n\n\n\n<p>Pour rappel, Threads n\u2019est toujours pas disponible en Europe, compte tenu de ses conditions d\u2019utilisation et de l\u2019exploitation des donn\u00e9es personnelles.<\/p>\n","protected":false},"excerpt":{"rendered":"<p>Une semaine apr\u00e8s son lancement, le nouveau r\u00e9seau social Threads compte plus de 100 millions d\u2019utilisateurs. Malgr\u00e9 ce chiffre tr\u00e8s<\/p>\n","protected":false},"author":1,"featured_media":15877,"comment_status":"open","ping_status":"open","sticky":false,"template":"","format":"standard","meta":{"footnotes":""},"categories":[46],"tags":[],"class_list":["post-16753","post","type-post","status-publish","format-standard","has-post-thumbnail","hentry","category-technology"],"_links":{"self":[{"href":"https:\/\/dekkbi.com\/index.php?rest_route=\/wp\/v2\/posts\/16753","targetHints":{"allow":["GET"]}}],"collection":[{"href":"https:\/\/dekkbi.com\/index.php?rest_route=\/wp\/v2\/posts"}],"about":[{"href":"https:\/\/dekkbi.com\/index.php?rest_route=\/wp\/v2\/types\/post"}],"author":[{"embeddable":true,"href":"https:\/\/dekkbi.com\/index.php?rest_route=\/wp\/v2\/users\/1"}],"replies":[{"embeddable":true,"href":"https:\/\/dekkbi.com\/index.php?rest_route=%2Fwp%2Fv2%2Fcomments&post=16753"}],"version-history":[{"count":1,"href":"https:\/\/dekkbi.com\/index.php?rest_route=\/wp\/v2\/posts\/16753\/revisions"}],"predecessor-version":[{"id":16754,"href":"https:\/\/dekkbi.com\/index.php?rest_route=\/wp\/v2\/posts\/16753\/revisions\/16754"}],"wp:featuredmedia":[{"embeddable":true,"href":"https:\/\/dekkbi.com\/index.php?rest_route=\/wp\/v2\/media\/15877"}],"wp:attachment":[{"href":"https:\/\/dekkbi.com\/index.php?rest_route=%2Fwp%2Fv2%2Fmedia&parent=16753"}],"wp:term":[{"taxonomy":"category","embeddable":true,"href":"https:\/\/dekkbi.com\/index.php?rest_route=%2Fwp%2Fv2%2Fcategories&post=16753"},{"taxonomy":"post_tag","embeddable":true,"href":"https:\/\/dekkbi.com\/index.php?rest_route=%2Fwp%2Fv2%2Ftags&post=16753"}],"curies":[{"name":"wp","href":"https:\/\/api.w.org\/{rel}","templated":true}]}}