{"id":16744,"date":"2023-07-17T12:05:47","date_gmt":"2023-07-17T12:05:47","guid":{"rendered":"https:\/\/dekkbi.com\/?p=16744"},"modified":"2023-07-17T12:07:28","modified_gmt":"2023-07-17T12:07:28","slug":"brussels-airlines-porte-plainte-contre-laeroport-de-charleroi","status":"publish","type":"post","link":"https:\/\/dekkbi.com\/?p=16744","title":{"rendered":"Brussels Airlines porte plainte contre l\u2019a\u00e9roport de Charleroi"},"content":{"rendered":"\n<p>La compagnie a\u00e9rienne Brussels Airlines a officiellement d\u00e9pos\u00e9 plainte aupr\u00e8s de la Commission europ\u00e9enne contre les \u201caides publiques ill\u00e9gales\u201d octroy\u00e9es \u00e0 l\u2019a\u00e9roport de Charleroi, a indiqu\u00e9 lundi la CEO de Brussels Airlines, Dorothea von Boxberg.<\/p>\n\n\n\n<p>La plainte porte sur les \u2018terminal navigation charges\u2019, un montant que le gestionnaire de l\u2019espace a\u00e9rien Skeyes per\u00e7oit pour chaque d\u00e9collage. \u00c0 Brussels Airport, les compagnies doivent intervenir dans une partie du paiement alors que dans les a\u00e9roports r\u00e9gionaux, l\u2019enti\u00e8ret\u00e9 du montant est pay\u00e9e par les autorit\u00e9s.<\/p>\n\n\n\n<p>\u201cLes a\u00e9roports r\u00e9gionaux et le Brussels Airport ne subissent pas un traitement \u00e9quitable\u201d, commente Mme von Boxberg, aux commandes de Brussels Airlines depuis mi-avril. \u201cCe n\u2019est pas honn\u00eate que les gouvernements f\u00e9d\u00e9raux et r\u00e9gionaux payent compl\u00e8tement cette taxe dans les a\u00e9roports r\u00e9gionaux comme Charleroi, qui nous font directement concurrence, alors que nous-m\u00eames payons une grosse partie.\u201d Brussels Airlines se dit l\u00e9s\u00e9e par une telle situation par rapport \u00e0 la compagnie \u00e0 bas co\u00fbts Ryanair, notamment, la plus importante compagnie de l\u2019a\u00e9roport carolo.<\/p>\n\n\n\n<p>Une concertation informelle sur le sujet a d\u00e9j\u00e0 \u00e9t\u00e9 men\u00e9e, mais \u201cnous avons aujourd\u2019hui le sentiment que cela nous porte trop pr\u00e9judice\u201d, ajoute la CEO de Brussels Airlines. La plainte d\u00e9pos\u00e9e r\u00e9cemment, \u00e9mane uniquement de Brussels Airlines et est dirig\u00e9e contre l\u2019a\u00e9roport de Charleroi qui repr\u00e9sente la concurrence la plus directe.<\/p>\n\n\n\n<p>La compagnie esp\u00e8re que l\u2019enqu\u00eate de la Commission europ\u00e9enne va permettre de r\u00e9tablir un \u201cterrain de jeu \u00e9quitable\u201d o\u00f9 les taxes en vigueur dans les diff\u00e9rents a\u00e9roports sont correctement impos\u00e9es.<\/p>\n","protected":false},"excerpt":{"rendered":"<p>La compagnie a\u00e9rienne Brussels Airlines a officiellement d\u00e9pos\u00e9 plainte aupr\u00e8s de la Commission europ\u00e9enne contre les \u201caides publiques ill\u00e9gales\u201d octroy\u00e9es<\/p>\n","protected":false},"author":1,"featured_media":16745,"comment_status":"open","ping_status":"open","sticky":false,"template":"","format":"standard","meta":{"footnotes":""},"categories":[51],"tags":[],"class_list":["post-16744","post","type-post","status-publish","format-standard","has-post-thumbnail","hentry","category-general"],"_links":{"self":[{"href":"https:\/\/dekkbi.com\/index.php?rest_route=\/wp\/v2\/posts\/16744","targetHints":{"allow":["GET"]}}],"collection":[{"href":"https:\/\/dekkbi.com\/index.php?rest_route=\/wp\/v2\/posts"}],"about":[{"href":"https:\/\/dekkbi.com\/index.php?rest_route=\/wp\/v2\/types\/post"}],"author":[{"embeddable":true,"href":"https:\/\/dekkbi.com\/index.php?rest_route=\/wp\/v2\/users\/1"}],"replies":[{"embeddable":true,"href":"https:\/\/dekkbi.com\/index.php?rest_route=%2Fwp%2Fv2%2Fcomments&post=16744"}],"version-history":[{"count":1,"href":"https:\/\/dekkbi.com\/index.php?rest_route=\/wp\/v2\/posts\/16744\/revisions"}],"predecessor-version":[{"id":16746,"href":"https:\/\/dekkbi.com\/index.php?rest_route=\/wp\/v2\/posts\/16744\/revisions\/16746"}],"wp:featuredmedia":[{"embeddable":true,"href":"https:\/\/dekkbi.com\/index.php?rest_route=\/wp\/v2\/media\/16745"}],"wp:attachment":[{"href":"https:\/\/dekkbi.com\/index.php?rest_route=%2Fwp%2Fv2%2Fmedia&parent=16744"}],"wp:term":[{"taxonomy":"category","embeddable":true,"href":"https:\/\/dekkbi.com\/index.php?rest_route=%2Fwp%2Fv2%2Fcategories&post=16744"},{"taxonomy":"post_tag","embeddable":true,"href":"https:\/\/dekkbi.com\/index.php?rest_route=%2Fwp%2Fv2%2Ftags&post=16744"}],"curies":[{"name":"wp","href":"https:\/\/api.w.org\/{rel}","templated":true}]}}