{"id":16712,"date":"2023-07-17T09:50:51","date_gmt":"2023-07-17T09:50:51","guid":{"rendered":"https:\/\/dekkbi.com\/?p=16712"},"modified":"2023-07-17T09:50:52","modified_gmt":"2023-07-17T09:50:52","slug":"sommet-ue-celac-enjeux-et-blocages-entre-les-pays-europeens-et-latino-americains","status":"publish","type":"post","link":"https:\/\/dekkbi.com\/?p=16712","title":{"rendered":"Sommet UE-Celac: enjeux et blocages entre les pays europ\u00e9ens et latino-am\u00e9ricains"},"content":{"rendered":"\n<p>Les pays latino-am\u00e9ricains et l&rsquo;Union europ\u00e9enne se sont donn\u00e9s rendez-vous \u00e0 Bruxelles en vue d&rsquo;un sommet, ces lundi et mardi. L&rsquo;occasion pour le continent europ\u00e9en de tenter de renforcer ses liens avec les membres de la Communaut\u00e9 d&rsquo;\u00c9tats latino-am\u00e9ricains et Cara\u00efbes (Celac). Des pays dont le principal partenaire commercial est bien souvent la Chine. Le sommet pourrait aussi montrer au grand jour les d\u00e9saccords qui persistent sur les accords de libre \u00e9change entre les deux r\u00e9gions.<\/p>\n\n\n\n<p>C&rsquo;est d\u00e9j\u00e0 un \u00e9v\u00e9nement que le sommet ait lieu, huit ans apr\u00e8s la derni\u00e8re rencontre de ce type, souligne Lorena Ruano. Elle est sp\u00e9cialiste des relations entre l&rsquo;Europe et l&rsquo;Am\u00e9rique latine, pour le compte du Cid\u00e9, un centre de recherches \u00e9conomiques mexicain.<\/p>\n\n\n\n<p>Pour autant, elle ne s&rsquo;attend pas \u00e0 des avanc\u00e9es particuli\u00e8res au niveau commercial&nbsp;: \u00ab&nbsp;<em>Il y a des discussions, au sujet de l&rsquo;\u00e9ventuelle signature de l&rsquo;accord de libre-\u00e9change avec le Mercosur, mais il est peu probable que cela se concr\u00e9tise cette fois-ci&nbsp;<\/em>\u00bb, consid\u00e8re-t-elle.<\/p>\n\n\n\n<p>En cause, notamment, les r\u00e9ticences de certains pays europ\u00e9ens comme la France. Paris craint des cons\u00e9quences n\u00e9gatives pour son secteur agricole face \u00e0 l&rsquo;agron\u00e9goce br\u00e9silien, ou encore celui du voisin argentin.<\/p>\n\n\n\n<p>00:56<\/p>\n\n\n\n<p>La crainte d&rsquo;un \u00e9leveur de l&rsquo;Aveyron sur la relation aux \u00c9tats latino-am\u00e9ricainsAgnieszka Kumor<\/p>\n\n\n\n<p>Les n\u00e9gociations semblent aussi au point mort concernant la signature et ratification de l&rsquo;accord avec Mexico&nbsp;: \u00ab&nbsp;<em>Les relations avec l&rsquo;Europe sont tr\u00e8s tendues, car le Mexique a chang\u00e9 r\u00e9cemment les r\u00e8gles concernant les investissements dans les \u00e9nergies renouvelables. Cela a affect\u00e9 des entreprises europ\u00e9ennes et cr\u00e9\u00e9 des tensions&nbsp;<\/em>\u00bb, explique Lorena Ruano. Le gouvernement mexicain consid\u00e8re que l&rsquo;Europe n&rsquo;est pas une priorit\u00e9, selon elle.<\/p>\n\n\n\n<p>En revanche, le sommet pourrait \u00eatre l&rsquo;occasion d&rsquo;officialiser la signature d&rsquo;une nouvelle version de l&rsquo;accord d&rsquo;association avec le Chili, concernant le commerce, donc, mais aussi la coop\u00e9ration au sens large.<\/p>\n\n\n\n<p><strong>Un dialogue qui s\u2019est affaibli entre l\u2019Europe et l\u2019Am\u00e9rique Latine<\/strong><\/p>\n\n\n\n<p>Il y a huit ans qu\u2019un sommet UE-Celac ne s\u2019\u00e9tait pas tenu.&nbsp;\u00c0&nbsp;partir de 2015, une multiplication des crises en Europe et en Am\u00e9rique latine a distendu les liens entre les deux r\u00e9gions.&nbsp;Analyse de Carlos&nbsp;Quenan, professeur d&rsquo;\u00e9conomie \u00e0 l&rsquo;universit\u00e9 IHEAL-Sorbonne Nouvelle.&nbsp;&nbsp;\u00ab&nbsp;<em>L\u2019Europe venait de subir le Brexit. Il y avait m\u00eame la crise en Espagne \u2013 on l\u2019a peut-\u00eatre oubli\u00e9 \u2013 qui a \u00e9t\u00e9 d\u2019une grande ampleur et la crise en Catalogne. Vers le milieu de la d\u00e9cennie pass\u00e9e, on assiste \u00e0 quelques changements. Ces dynamiques d\u2019internationalisation et de globalisation commen\u00e7aient \u00e0 \u00eatre entrav\u00e9es\u202f: moindre croissance, moindre dynamisme des flux d\u2019investissement et de commerces internationaux, apr\u00e8s la grande crise de 2008-2009 et l\u2019apparition m\u00eame des discours et des positionnements critiques par rapport \u00e0 la globalisation, \u00e0 l\u2019ouverture.Trump aux \u00c9tats-Unis, le Brexit en Europe\u2026 En Am\u00e9rique latine, il y a eu des diff\u00e9rences politiques, notamment au sujet de la crise v\u00e9n\u00e9zu\u00e9lienne. Tout \u00e7a g\u00e9n\u00e8re des difficult\u00e9s de coordination dans les deux groupements r\u00e9gionaux. \u00c0 cela va s\u2019ajouter le gouvernement de&nbsp;JairBolsonaro&nbsp;au Br\u00e9sil, qui va \u00eatre \u00e9galement tr\u00e8s r\u00e9ticent au d\u00e9veloppement de ces liens internationaux, y compris avec l\u2019Europe. Finalement, on a report\u00e9 ce sommet. Apr\u00e8s la pand\u00e9mie, d\u2019autres facteurs sont pass\u00e9s par l\u00e0, et le dialogue politique s\u2019est affaibli.<\/em>&nbsp;\u00bb&nbsp;<\/p>\n\n\n\n<p><\/p>\n","protected":false},"excerpt":{"rendered":"<p>Les pays latino-am\u00e9ricains et l&rsquo;Union europ\u00e9enne se sont donn\u00e9s rendez-vous \u00e0 Bruxelles en vue d&rsquo;un sommet, ces lundi et mardi.<\/p>\n","protected":false},"author":1,"featured_media":16713,"comment_status":"open","ping_status":"open","sticky":false,"template":"","format":"standard","meta":{"footnotes":""},"categories":[3],"tags":[],"class_list":["post-16712","post","type-post","status-publish","format-standard","has-post-thumbnail","hentry","category-event-more-news"],"_links":{"self":[{"href":"https:\/\/dekkbi.com\/index.php?rest_route=\/wp\/v2\/posts\/16712","targetHints":{"allow":["GET"]}}],"collection":[{"href":"https:\/\/dekkbi.com\/index.php?rest_route=\/wp\/v2\/posts"}],"about":[{"href":"https:\/\/dekkbi.com\/index.php?rest_route=\/wp\/v2\/types\/post"}],"author":[{"embeddable":true,"href":"https:\/\/dekkbi.com\/index.php?rest_route=\/wp\/v2\/users\/1"}],"replies":[{"embeddable":true,"href":"https:\/\/dekkbi.com\/index.php?rest_route=%2Fwp%2Fv2%2Fcomments&post=16712"}],"version-history":[{"count":1,"href":"https:\/\/dekkbi.com\/index.php?rest_route=\/wp\/v2\/posts\/16712\/revisions"}],"predecessor-version":[{"id":16714,"href":"https:\/\/dekkbi.com\/index.php?rest_route=\/wp\/v2\/posts\/16712\/revisions\/16714"}],"wp:featuredmedia":[{"embeddable":true,"href":"https:\/\/dekkbi.com\/index.php?rest_route=\/wp\/v2\/media\/16713"}],"wp:attachment":[{"href":"https:\/\/dekkbi.com\/index.php?rest_route=%2Fwp%2Fv2%2Fmedia&parent=16712"}],"wp:term":[{"taxonomy":"category","embeddable":true,"href":"https:\/\/dekkbi.com\/index.php?rest_route=%2Fwp%2Fv2%2Fcategories&post=16712"},{"taxonomy":"post_tag","embeddable":true,"href":"https:\/\/dekkbi.com\/index.php?rest_route=%2Fwp%2Fv2%2Ftags&post=16712"}],"curies":[{"name":"wp","href":"https:\/\/api.w.org\/{rel}","templated":true}]}}