{"id":16702,"date":"2023-07-17T09:33:49","date_gmt":"2023-07-17T09:33:49","guid":{"rendered":"https:\/\/dekkbi.com\/?p=16702"},"modified":"2023-07-17T12:11:44","modified_gmt":"2023-07-17T12:11:44","slug":"madagascar-le-president-rajoelina-defend-son-bilan-et-repond-aux-polemiques","status":"publish","type":"post","link":"https:\/\/dekkbi.com\/?p=16702","title":{"rendered":"Madagascar: Rajoelina d\u00e9fend son bilan"},"content":{"rendered":"\n<p><em>Avec notre correspondante \u00e0 Antananarivo<\/em>,&nbsp;<strong>Laetitia Bezain<\/strong><\/p>\n\n\n\n<p>Constructions d&rsquo;\u00e9coles, d&rsquo;h\u00f4pitaux ou encore de tribunaux&nbsp;: le chef de l&rsquo;\u00c9tat a fait la liste des infrastructures construites pendant son mandat. Beaucoup reste \u00e0 faire, a-t-il reconnu, notamment en ce qui concerne la r\u00e9habilitation des routes nationales et la pauvret\u00e9 qui touche de nombreux Malgaches. \u00ab&nbsp;<em>Beaucoup a \u00e9t\u00e9 fait, mais beaucoup doit encore \u00eatre fait, car Madagascar est immense<\/em>&nbsp;\u00bb, a-t-il d\u00e9clar\u00e9, ajoutant que \u00ab&nbsp;<em>le d\u00e9veloppement du pays ne peut pas se faire en une journ\u00e9e<\/em>&nbsp;\u00bb.<\/p>\n\n\n\n<p>Alors que les foyers font face \u00e0 l&rsquo;augmentation des prix du riz, de l&rsquo;huile et autres produits de premi\u00e8re n\u00e9cessit\u00e9, Andry Rajoelina a soutenu que le taux d&rsquo;inflation \u00e0 Madagascar est l&rsquo;un des plus faibles du continent africain.&nbsp;<strong>Concernant les d\u00e9lestages de plus en plus r\u00e9currents<\/strong>, notamment dans la capitale, le pr\u00e9sident a donn\u00e9 trois semaines au ministre de l&rsquo;\u00c9nergie pour r\u00e9gler ce probl\u00e8me. Dix minutes avant l&rsquo;intervention d&rsquo;Andry Rajoelina, une coupure d&rsquo;\u00e9lectricit\u00e9 d&rsquo;environ trente minutes a d&rsquo;ailleurs touch\u00e9 de nombreux quartiers d&rsquo;Antananarivo.<\/p>\n\n\n\n<p>R\u00e9pondant aux questions sur&nbsp;<strong>sa nationalit\u00e9 fran\u00e7aise<\/strong>, Andry Rajoelina a indiqu\u00e9 l&rsquo;avoir demand\u00e9e pour permettre \u00e0 ses enfants de poursuivre leurs \u00e9tudes en France, \u00e9voquant des tracasseries administratives li\u00e9es \u00e0 l&rsquo;obtention de visas pour ces derniers. \u00ab&nbsp;<em>Un droit<\/em>&nbsp;\u00bb, a-t-il martel\u00e9, puisque son grand-p\u00e8re \u00e9tait Fran\u00e7ais. Une nationalit\u00e9 fran\u00e7aise qui ne l&#8217;emp\u00eache pas d&rsquo;\u00eatre patriote, s&rsquo;est-il d\u00e9fendu&nbsp;:<\/p>\n\n\n\n<p>\u00ab&nbsp;<em>Si vous pensez que c&rsquo;est avec un bout de papier de 8 centim\u00e8tres dans ma poche que vous allez enlever en moi l&rsquo;amour de ma patrie, vous ne r\u00e9ussirez pas. Andry Rajoelina aime sa patrie&nbsp;! J&rsquo;aime ma patrie et je suis pr\u00eat \u00e0 mourir pour Madagascar&nbsp;!<\/em>&nbsp;\u00bb<\/p>\n\n\n\n<p>Une d\u00e9claration qui a d\u00e9clench\u00e9 les applaudissements de l&rsquo;assistance du palais d&rsquo;\u00c9tat d&rsquo;Iavoloha. Un public compos\u00e9 de notables, de g\u00e9n\u00e9raux, du Premier ministre, des membres du gouvernement, des pr\u00e9sidents des chambres du Parlement et des gouverneurs.<\/p>\n\n\n\n<p>Andry Rajoelina s&rsquo;est exprim\u00e9 \u00e0 la t\u00e9l\u00e9vision dimanche 16 juillet dans la soir\u00e9e. Pendant trois heures, le pr\u00e9sident malgache a d\u00e9fendu le bilan de son mandat, \u00e0 moins de quatre mois de l&rsquo;\u00e9lection pr\u00e9sidentielle, et a r\u00e9pondu aux questions de trois journalistes de la t\u00e9l\u00e9vision nationale et de cha\u00eenes priv\u00e9es. Il est aussi revenu sur les pol\u00e9miques de ces derni\u00e8res semaines, notamment celle concernant sa nationalit\u00e9 fran\u00e7aise.<\/p>\n\n\n\n<p>Le chef de l&rsquo;\u00c9tat est aussi revenu sur sa l\u00e9gitimit\u00e9 \u00e0 d\u00e9fendre les int\u00e9r\u00eats de la Grande \u00cele face \u00e0 la France,&nbsp;<strong>notamment concernant le dossier des \u00eeles \u00c9parses<\/strong>, dont Madagascar r\u00e9clame la restitution depuis des ann\u00e9es. Cette restitution \u00e9tait une promesse du pr\u00e9sident, mais les n\u00e9gociations entre les deux pays sont au point mort depuis novembre 2019, date de la premi\u00e8re r\u00e9union de la commission mixte franco-malgache \u00e0 Antananarivo&nbsp;:<\/p>\n\n\n\n<p><\/p>\n\n\n\n<p>\u00ab&nbsp;<em>Les \u00eeles \u00c9parses appartiennent \u00e0 Madagascar et nous demandons leur restitution. Je n&rsquo;y renoncerai pas&nbsp;<\/em>[&#8230;]<em>&nbsp;La ligne politique de Madagascar ne change pas, m\u00eame d&rsquo;un millim\u00e8tre&nbsp;<\/em>[&#8230;]<em>&nbsp;Mon int\u00e9r\u00eat \u00e0 d\u00e9fendre le pays ne changera jamais. Il n&rsquo;y a pas de probl\u00e8me concernant la relation entre le pr\u00e9sident Macron et moi. Il ne fait pas de pression. On est sur une bonne entente. Quand je rencontre le pr\u00e9sident fran\u00e7ais, nous sommes d&rsquo;\u00e9gal \u00e0 \u00e9gal.<\/em>&nbsp;\u00bb<\/p>\n\n\n\n<p>Questionn\u00e9 sur sa candidature \u00e0 la&nbsp;<strong>pr\u00e9sidentielle<\/strong>, Andry Rajoelina ne l&rsquo;a pas confirm\u00e9. Il a, par ailleurs, d\u00e9clar\u00e9 que sa cote de popularit\u00e9 sur le terrain \u00ab&nbsp;<em>reste intacte<\/em>&nbsp;\u00bb. En cas de candidature, le pr\u00e9sident de la R\u00e9publique doit d\u00e9missionner 60 jours avant le premier tour, comme le dispose l&rsquo;article 46 de la Constitution malgache. C&rsquo;est alors le pr\u00e9sident du S\u00e9nat qui assure l&rsquo;int\u00e9rim.<\/p>\n\n\n\n<p>Alors que le budget pour mener \u00e0 bien l&rsquo;\u00e9lection pr\u00e9sidentielle n&rsquo;est pas encore boucl\u00e9 par la Commission \u00e9lectorale nationale ind\u00e9pendante, le pr\u00e9sident Rajoelina a assur\u00e9 que l&rsquo;\u00c9tat dispose des moyens n\u00e9cessaires.<\/p>\n","protected":false},"excerpt":{"rendered":"<p>Avec notre correspondante \u00e0 Antananarivo,&nbsp;Laetitia Bezain Constructions d&rsquo;\u00e9coles, d&rsquo;h\u00f4pitaux ou encore de tribunaux&nbsp;: le chef de l&rsquo;\u00c9tat a fait la<\/p>\n","protected":false},"author":1,"featured_media":16703,"comment_status":"open","ping_status":"open","sticky":false,"template":"","format":"standard","meta":{"footnotes":""},"categories":[51],"tags":[],"class_list":["post-16702","post","type-post","status-publish","format-standard","has-post-thumbnail","hentry","category-general"],"_links":{"self":[{"href":"https:\/\/dekkbi.com\/index.php?rest_route=\/wp\/v2\/posts\/16702","targetHints":{"allow":["GET"]}}],"collection":[{"href":"https:\/\/dekkbi.com\/index.php?rest_route=\/wp\/v2\/posts"}],"about":[{"href":"https:\/\/dekkbi.com\/index.php?rest_route=\/wp\/v2\/types\/post"}],"author":[{"embeddable":true,"href":"https:\/\/dekkbi.com\/index.php?rest_route=\/wp\/v2\/users\/1"}],"replies":[{"embeddable":true,"href":"https:\/\/dekkbi.com\/index.php?rest_route=%2Fwp%2Fv2%2Fcomments&post=16702"}],"version-history":[{"count":3,"href":"https:\/\/dekkbi.com\/index.php?rest_route=\/wp\/v2\/posts\/16702\/revisions"}],"predecessor-version":[{"id":16752,"href":"https:\/\/dekkbi.com\/index.php?rest_route=\/wp\/v2\/posts\/16702\/revisions\/16752"}],"wp:featuredmedia":[{"embeddable":true,"href":"https:\/\/dekkbi.com\/index.php?rest_route=\/wp\/v2\/media\/16703"}],"wp:attachment":[{"href":"https:\/\/dekkbi.com\/index.php?rest_route=%2Fwp%2Fv2%2Fmedia&parent=16702"}],"wp:term":[{"taxonomy":"category","embeddable":true,"href":"https:\/\/dekkbi.com\/index.php?rest_route=%2Fwp%2Fv2%2Fcategories&post=16702"},{"taxonomy":"post_tag","embeddable":true,"href":"https:\/\/dekkbi.com\/index.php?rest_route=%2Fwp%2Fv2%2Ftags&post=16702"}],"curies":[{"name":"wp","href":"https:\/\/api.w.org\/{rel}","templated":true}]}}