{"id":16699,"date":"2023-07-17T09:26:28","date_gmt":"2023-07-17T09:26:28","guid":{"rendered":"https:\/\/dekkbi.com\/?p=16699"},"modified":"2023-07-17T09:26:30","modified_gmt":"2023-07-17T09:26:30","slug":"la-france-entiere-rend-hommage-a-jane-birkin-une-artiste-complete","status":"publish","type":"post","link":"https:\/\/dekkbi.com\/?p=16699","title":{"rendered":"La France enti\u00e8re rend hommage \u00e0 Jane Birkin, une \u00abartiste compl\u00e8te\u00bb"},"content":{"rendered":"\n<p>Son timbre de voix et son accent britannique \u00e9taient reconnaissables entre mille. La plus anglaise des artistes fran\u00e7aises a rendu son dernier souffle \u00e0 l\u2019\u00e2ge de 76 ans, ce dimanche 16 juillet, provoquant un \u00e9moi national et m\u00eame au-del\u00e0, jusque dans le monde du th\u00e9\u00e2tre. On le voit d\u00e9sormais pleinement, Jane Birkin avait tiss\u00e9 un lien tout \u00e0 fait particulier avec le public.<\/p>\n\n\n\n<p>Silhouette fr\u00eale, voix douce, accent&nbsp;<em>british<\/em>. Modeste par nature, Jane Birkin a longtemps cru que le th\u00e9\u00e2tre n\u2019\u00e9tait pas pour elle. Jusqu\u2019\u00e0 ce jour de 1985 o\u00f9 Patrice Ch\u00e9reau lui propose de jouer Marivaux. Marie qui&nbsp;?, dit-elle. \u00c9lev\u00e9e en Angleterre, elle ne connaissait que Moli\u00e8re.<\/p>\n\n\n\n<p>La peur au ventre, sa fragilit\u00e9 s\u2019imposa. Le d\u00e9but d\u2019une carri\u00e8re avec des com\u00e9dies, mais aussi Shakespeare ou Sophocle. Le d\u00e9but d\u2019une passion \u00e9galement, Birkin devenant une spectatrice assidue des planches. D\u2019o\u00f9 l\u2019\u00e9motion du directeur du Festival d&rsquo;Avignon.<\/p>\n\n\n\n<p>\u00ab&nbsp;<em>C&rsquo;est une immense tristesse,<\/em>&nbsp;confie Tiago Rodrigues \u00e0 RFI,&nbsp;<em>car Jane Birkin \u00e9tait une spectatrice du Festival d&rsquo;Avignon, a particip\u00e9 aussi \u00e0 des lectures, etc. Pour moi, en tant que nouvel arriv\u00e9, c&rsquo;est savoir que je vais devoir appeler ma m\u00e8re qui a perdu l&rsquo;une de ses h\u00e9ro\u00efnes.&nbsp;<\/em>\u00bb<\/p>\n\n\n\n<p>Jane Birkin et le th\u00e9\u00e2tre, ce fut comme une r\u00e9v\u00e9lation, l\u2019histoire d\u2019une chanteuse devenant autrice, avec sa propre pi\u00e8ce,&nbsp;<em>Oh pardon, tu dormais<\/em>, titre d\u00e9licat pour \u00e9voquer la mort de sa fille. Le drame, et le charme.<\/p>\n\n\n\n<p><\/p>\n\n\n\n<p>Pour La Bande Passante, Alain Pilot a souvent rencontr\u00e9 Jane BirkinRFI<\/p>\n\n\n\n<p>Tristesse aussi du public, \u00e0 la sortie du spectacle&nbsp;<em>Gainsbourg Confidentiel<\/em>, justement, \u00e0 l\u2019Arrache-C\u0153ur. \u00ab&nbsp;<em>Je ne l&rsquo;ai pas vue au th\u00e9\u00e2tre, mais elle repr\u00e9sente l&rsquo;intelligence, le charme,&nbsp;<\/em>confie une spectatrice.&nbsp;<em>C&rsquo;est une personne qui m&rsquo;a beaucoup touch\u00e9e par sa douceur et sa pudeur.<\/em>&nbsp;\u00bb<\/p>\n\n\n\n<p>Jane Birkin, \u00ab\u00a0<em>c&rsquo;est la libert\u00e9, une \u00e9poque de vie, notre jeunesse<\/em>\u00a0\u00bb<em>,\u00a0<\/em>rench\u00e9rit une autre, toujours au micro de RFI, et plus pr\u00e9cis\u00e9ment celui de notre envoy\u00e9 sp\u00e9cial \u00e0 Avignon,\u00a0<strong>Pascal Paradou<\/strong>. \u00ab\u00a0<em>De la voir partir, c&rsquo;est un petit peu de nous-m\u00eames qui s&rsquo;en va aussi.<\/em>\u00a0\u00bb<\/p>\n\n\n\n<p><\/p>\n\n\n\n<h2 class=\"wp-block-heading\">\u00ab&nbsp;\u00c0 l&rsquo;avant-garde&nbsp;\u00bb<\/h2>\n\n\n\n<p>C&rsquo;est toute la France qui a r\u00e9agi \u00e0 la triste nouvelle de la mort de \u00ab Jane \u00bb, ce dimanche. Ses albums, Sao Hion les a tous. Le dernier lui a \u00e9t\u00e9 offert il y a trois ans par un ami s\u00fbr de lui faire ainsi plaisir. Cette habitante de Boulogne de 57 ans est boulevers\u00e9e.<\/p>\n\n\n\n<p>\u00ab&nbsp;<em>\u00c7a me touche,&nbsp;<\/em>dit-elle au bord des larmes, interrog\u00e9e par notre cons\u0153ur&nbsp;<strong>Marine de la Moissonni\u00e8re<\/strong><em>, parce que c&rsquo;est comme si elle \u00e9tait de la famille, en fait. Si on disait Jane, on savait que c&rsquo;\u00e9tait elle. Oui, \u00e7a me fait vraiment de la peine.<\/em>&nbsp;\u00bb<\/p>\n\n\n\n<p>Enfant de Londres excessivement timide, \u00e9pouse mod\u00e8le et effac\u00e9e du compositeur John Barry \u00e0 18 ans, Jane Birkin sort de l\u2019ombre avec&nbsp;<em>Blow-Up<\/em>, chronique grin\u00e7ante du Swinging London de 1966, et aussi l&rsquo;une des premi\u00e8res sc\u00e8nes de nu de l&rsquo;histoire du cin\u00e9ma britannique.<\/p>\n\n\n\n<p>Elle devient ensuite indissociables de Serge Gainsbourg, pour les fans. Didier, Parisien de 53 ans, se souvient de la r\u00e9volution qu&rsquo;avait provoqu\u00e9e le couple&nbsp;: \u00ab&nbsp;<em>Ils \u00e9taient compl\u00e8tement \u00e0 l&rsquo;avant-garde de ce qui se faisait \u00e0 l&rsquo;\u00e9poque, un peu pr\u00e9curseurs et m\u00eame hors norme.<\/em>&nbsp;\u00bb<\/p>\n\n\n\n<p>Leur union \u00e9tait l\u00e9gendaire. Jane Birkin part vers les sommets avec le titre \u00ab Je t\u2019aime moi non plus \u00bb. Un duo, torride et sensuel au possible, que Gainsbourg avait au d\u00e9part enregistr\u00e9 avec Brigitte Bardot.<\/p>\n\n\n\n<p>La rencontre remonte \u00e0 1968. D&rsquo;abord, Serge Gainsbourg snobe cette petite Anglaise de 21 ans. Puis il ne la quitte plus. C\u2019est elle qui le quitte, au bout de dix ans, pour le r\u00e9alisateur Jacques Doillon, qui lui permet de se r\u00e9inventer, tout comme Patrice Ch\u00e9reau, c\u00f4t\u00e9 th\u00e9\u00e2tre.<\/p>\n\n\n\n<h2 class=\"wp-block-heading\">\u00ab Ic\u00f4ne fran\u00e7aise&nbsp;\u00bb<\/h2>\n\n\n\n<p>Jean, 75 ans, rit encore en se rem\u00e9morant l&rsquo;\u00e9moi qu&rsquo;avait provoqu\u00e9 la chanson \u00ab&nbsp;69 ann\u00e9e \u00e9rotique \u00bb. Mais pour lui, il ne faut pas r\u00e9sumer Birkin au duo qu&rsquo;elle a form\u00e9 avec le grand Serge. \u00ab&nbsp;<em>Elle \u00e9tait int\u00e9ressante en elle-m\u00eame<\/em>&nbsp;\u00bb, fait-il remarquer.<\/p>\n\n\n\n<p>\u00ab<em>&nbsp;Elle a jou\u00e9 des r\u00f4les int\u00e9ressants,<\/em>&nbsp;rappelle-t-il.&nbsp;<em>Au d\u00e9but, c&rsquo;\u00e9tait presque la bimbo, mais apr\u00e8s, elle est devenue une v\u00e9ritable actrice. Et c&rsquo;est une chanteuse qui avait du charme. Ce n&rsquo;\u00e9tait pas une grande chanteuse, absolument pas ; \u00e7a correspondait \u00e0 une \u00e9poque, c&rsquo;\u00e9tait le moment, c&rsquo;\u00e9tait charmant. Avec un petit peu de provoc&rsquo; par-dessus le march\u00e9. Pour moi, c&rsquo;\u00e9tait quelqu&rsquo;un de touchant.<\/em>&nbsp;\u00bb<\/p>\n\n\n\n<p><\/p>\n\n\n\n<p>\u00c0 partir de ses 40 ans, Jane Birkin change de look, se rappelle&nbsp;<strong>Carmen Lunsmann<\/strong>. Elle se coupe les cheveux, ne se maquille plus et entame sa relation passionnelle avec la sc\u00e8ne. En 2019, elle se d\u00e9voile \u00e9galement en \u00e9criture \u00e0 travers la publication de son journal intime.&nbsp;<\/p>\n\n\n\n<p>Courageuse et enti\u00e8re, c\u2019\u00e9tait aussi une femme engag\u00e9e&nbsp;: porte-parole d&rsquo;Amnesty International, elle se bat pour la cause du sida, de l&rsquo;Alg\u00e9rie et des Enfants de la Terre, et bien s\u00fbr pour les&nbsp;Restos du c\u0153ur. Une voix forte et fragile qui a touch\u00e9 le monde entier.<\/p>\n\n\n\n<p>Le pr\u00e9sident fran\u00e7ais Emmanuel Macron a rendu hommage, ce jour, \u00e0 Jane Birkin, saluant \u00ab&nbsp;<em>une artiste compl\u00e8te<\/em>&nbsp;\u00bb, une \u00ab&nbsp;<em>ic\u00f4ne fran\u00e7aise<\/em>&nbsp;\u00bb, \u00ab&nbsp;<em>des images qui ne nous quitteront pas<\/em>&nbsp;\u00bb. La Premi\u00e8re ministre \u00c9lisabeth Borne parle d&rsquo;une \u00ab&nbsp;<em>ic\u00f4ne inoubliable, une voix et un charme unique<\/em>&nbsp;\u00bb. Elle confie sa \u00ab&nbsp;<em>tristesse<\/em>&nbsp;\u00bb.<\/p>\n\n\n\n<p>\u00ab&nbsp;<em>Aujourd&rsquo;hui, nous perdons une ic\u00f4ne totale dont l&rsquo;accent pouvait aussi bien nous murmurer les hymnes d&rsquo;une \u00e9poque que d\u00e9fendre ses engagements sur la sc\u00e8ne internationale&nbsp;: la solidarit\u00e9, l&rsquo;accueil des migrants, la lutte contre l&rsquo;extr\u00eame-droite, la libert\u00e9<\/em>&nbsp;\u00bb, \u00e9crit la ministre de la Culture, Rima Abdul Malak.<\/p>\n","protected":false},"excerpt":{"rendered":"<p>Son timbre de voix et son accent britannique \u00e9taient reconnaissables entre mille. La plus anglaise des artistes fran\u00e7aises a rendu<\/p>\n","protected":false},"author":1,"featured_media":16700,"comment_status":"open","ping_status":"open","sticky":false,"template":"","format":"standard","meta":{"footnotes":""},"categories":[26],"tags":[],"class_list":["post-16699","post","type-post","status-publish","format-standard","has-post-thumbnail","hentry","category-fait-divers"],"_links":{"self":[{"href":"https:\/\/dekkbi.com\/index.php?rest_route=\/wp\/v2\/posts\/16699","targetHints":{"allow":["GET"]}}],"collection":[{"href":"https:\/\/dekkbi.com\/index.php?rest_route=\/wp\/v2\/posts"}],"about":[{"href":"https:\/\/dekkbi.com\/index.php?rest_route=\/wp\/v2\/types\/post"}],"author":[{"embeddable":true,"href":"https:\/\/dekkbi.com\/index.php?rest_route=\/wp\/v2\/users\/1"}],"replies":[{"embeddable":true,"href":"https:\/\/dekkbi.com\/index.php?rest_route=%2Fwp%2Fv2%2Fcomments&post=16699"}],"version-history":[{"count":1,"href":"https:\/\/dekkbi.com\/index.php?rest_route=\/wp\/v2\/posts\/16699\/revisions"}],"predecessor-version":[{"id":16701,"href":"https:\/\/dekkbi.com\/index.php?rest_route=\/wp\/v2\/posts\/16699\/revisions\/16701"}],"wp:featuredmedia":[{"embeddable":true,"href":"https:\/\/dekkbi.com\/index.php?rest_route=\/wp\/v2\/media\/16700"}],"wp:attachment":[{"href":"https:\/\/dekkbi.com\/index.php?rest_route=%2Fwp%2Fv2%2Fmedia&parent=16699"}],"wp:term":[{"taxonomy":"category","embeddable":true,"href":"https:\/\/dekkbi.com\/index.php?rest_route=%2Fwp%2Fv2%2Fcategories&post=16699"},{"taxonomy":"post_tag","embeddable":true,"href":"https:\/\/dekkbi.com\/index.php?rest_route=%2Fwp%2Fv2%2Ftags&post=16699"}],"curies":[{"name":"wp","href":"https:\/\/api.w.org\/{rel}","templated":true}]}}