{"id":16661,"date":"2023-07-16T09:46:45","date_gmt":"2023-07-16T09:46:45","guid":{"rendered":"https:\/\/dekkbi.com\/?p=16661"},"modified":"2023-07-16T09:46:46","modified_gmt":"2023-07-16T09:46:46","slug":"diplomatie-macky-sall-en-visite-au-kenya-au-rwanda-et-en-ouganda","status":"publish","type":"post","link":"https:\/\/dekkbi.com\/?p=16661","title":{"rendered":"Diplomatie : Macky Sall en visite au Kenya, au Rwanda et en Ouganda"},"content":{"rendered":"\n<p>Le pr\u00e9sident de la R\u00e9publique, Macky Sall, a quitt\u00e9 Dakar ce samedi, pour Nairobi, la capitale du Kenya, o\u00f9 il va prendre part, dimanche, \u00e0 la 5e r\u00e9union de coordination entre l\u2019Union africaine et les communaut\u00e9s \u00e9conomiques r\u00e9gionales, a appris l'\u00a0\u00bbAps\u00a0\u00bb, de source officielle s\u00e9n\u00e9galaise.Selon un communiqu\u00e9 des services de la Pr\u00e9sidence de la R\u00e9publique, le chef de l\u2019\u00c9tat se rendra ensuite au Rwanda. Dans ce pays, il participera \u00e0 la conf\u00e9rence internationale de Kigali sur les femmes, pr\u00e9vue lundi, avant d\u2019entamer une visite officielle en Ouganda, le mardi 18 juillet 2023.Le retour du pr\u00e9sident de la R\u00e9publique est pr\u00e9vu le lendemain, mercredi, signale la m\u00eame source, pr\u00e9cise l'\u00a0\u00bbAps\u00a0\u00bb.<\/p>\n","protected":false},"excerpt":{"rendered":"<p>Le pr\u00e9sident de la R\u00e9publique, Macky Sall, a quitt\u00e9 Dakar ce samedi, pour Nairobi, la capitale du Kenya, o\u00f9 il<\/p>\n","protected":false},"author":1,"featured_media":14732,"comment_status":"open","ping_status":"open","sticky":false,"template":"","format":"standard","meta":{"footnotes":""},"categories":[6],"tags":[],"class_list":["post-16661","post","type-post","status-publish","format-standard","has-post-thumbnail","hentry","category-politics"],"_links":{"self":[{"href":"https:\/\/dekkbi.com\/index.php?rest_route=\/wp\/v2\/posts\/16661","targetHints":{"allow":["GET"]}}],"collection":[{"href":"https:\/\/dekkbi.com\/index.php?rest_route=\/wp\/v2\/posts"}],"about":[{"href":"https:\/\/dekkbi.com\/index.php?rest_route=\/wp\/v2\/types\/post"}],"author":[{"embeddable":true,"href":"https:\/\/dekkbi.com\/index.php?rest_route=\/wp\/v2\/users\/1"}],"replies":[{"embeddable":true,"href":"https:\/\/dekkbi.com\/index.php?rest_route=%2Fwp%2Fv2%2Fcomments&post=16661"}],"version-history":[{"count":1,"href":"https:\/\/dekkbi.com\/index.php?rest_route=\/wp\/v2\/posts\/16661\/revisions"}],"predecessor-version":[{"id":16662,"href":"https:\/\/dekkbi.com\/index.php?rest_route=\/wp\/v2\/posts\/16661\/revisions\/16662"}],"wp:featuredmedia":[{"embeddable":true,"href":"https:\/\/dekkbi.com\/index.php?rest_route=\/wp\/v2\/media\/14732"}],"wp:attachment":[{"href":"https:\/\/dekkbi.com\/index.php?rest_route=%2Fwp%2Fv2%2Fmedia&parent=16661"}],"wp:term":[{"taxonomy":"category","embeddable":true,"href":"https:\/\/dekkbi.com\/index.php?rest_route=%2Fwp%2Fv2%2Fcategories&post=16661"},{"taxonomy":"post_tag","embeddable":true,"href":"https:\/\/dekkbi.com\/index.php?rest_route=%2Fwp%2Fv2%2Ftags&post=16661"}],"curies":[{"name":"wp","href":"https:\/\/api.w.org\/{rel}","templated":true}]}}