{"id":16529,"date":"2023-07-14T12:27:46","date_gmt":"2023-07-14T12:27:46","guid":{"rendered":"https:\/\/dekkbi.com\/?p=16529"},"modified":"2023-07-14T12:27:47","modified_gmt":"2023-07-14T12:27:47","slug":"lucad-rend-hommage-a-son-ancien-recteur-ibrahima-thioub-dans-lhistoire","status":"publish","type":"post","link":"https:\/\/dekkbi.com\/?p=16529","title":{"rendered":"L\u2019Ucad rend hommage \u00e0 son ancien Recteur: Ibrahima Thioub dans l\u2019histoire"},"content":{"rendered":"\n<p><strong>Les participants au Colloque international en hommage au Pr Ibrahima Thioub ont salu\u00e9 hier, \u00e0 l\u2019unanimit\u00e9, les hauts faits et les qualit\u00e9s intellectuelles de l\u2019ancien Recteur de l\u2019universit\u00e9 Cheikh Anta Diop de Dakar, qui a consacr\u00e9 un demi-si\u00e8cle de sa vie \u00e0 l\u2019enseignement et \u00e0 la recherche.<\/strong><\/p>\n\n\n\n<p><strong>Par Ousmane SOW \u2013&nbsp;<\/strong>Les anciens \u00e9tudiants du Pr Ibrahima Thioub, en partenariat avec l\u2019universit\u00e9 Cheikh Anta Diop de Dakar, ont rendu un vibrant hommage \u00e0 leur mentor et honor\u00e9 sa carri\u00e8re d\u2019enseignant, de chercheur \u00e9m\u00e9rite et d\u2019administrateur de l\u2019enseignement sup\u00e9rieur. La c\u00e9r\u00e9monie s\u2019est en effet d\u00e9roul\u00e9e dans une bonne ambiance, en pr\u00e9sence de nombreuses personnalit\u00e9s dont le ministre porte-parole charg\u00e9 de la Communication de la pr\u00e9sidence de la R\u00e9publique, Yoro Dia, le professeur Amadou Abdoul Sow, Directeur g\u00e9n\u00e9ral de la recherche et repr\u00e9sentant du Mesri, Pr Moussa Bald\u00e9, Pr Penda Mbow, repr\u00e9sentante du pr\u00e9sident de la R\u00e9publique pour la Francophonie, et de nombreux recteurs et chercheurs venus d\u2019un peu partout dans le monde. A l\u2019unanimit\u00e9, les diff\u00e9rents intervenants qui se sont succ\u00e9d\u00e9 au pupitre ont salu\u00e9 les hauts faits et les qualit\u00e9s intellectuelles de l\u2019ancien Recteur de l\u2019universit\u00e9 Cheikh Anta Diop de Dakar de 2014 \u00e0 2020. A ce propos, l\u2019actuel Recteur de l\u2019universit\u00e9 Cheikh Anta Diop de Dakar, Pr Amadou Aly Mbaye, a affirm\u00e9 que l\u2019ancien Recteur, le Pr Ibrahima Thioub, est un fervent d\u00e9fenseur de l\u2019\u00e9cole publique. \u00abAvec un demi-si\u00e8cle d\u2019une vie consacr\u00e9e \u00e0 l\u2019enseignement et \u00e0 la recherche, il a pu gravir tous les \u00e9chelons du syst\u00e8me scolaire et universitaire, passant d\u2019instituteur \u00e0 professeur d\u2019universit\u00e9\u00bb, souligne Pr Mbaye, lors de la c\u00e9r\u00e9monie d\u2019ouverture du Colloque international de trois jours (13, 14, 15 juillet), organis\u00e9 \u00e0 la salle de conf\u00e9rence de l\u2019Ucad 2. De son avis, le parcours du Pr Ibrahima Thioub doit \u00eatre montr\u00e9 en exemple. Le Pr Ibrahima Thioub, dans une qu\u00eate perp\u00e9tuelle de savoir, n\u2019a jamais h\u00e9sit\u00e9 \u00e0 redevenir \u00e9tudiant \u00e0 chaque fois qu\u2019il le fallait pour acqu\u00e9rir d\u2019autres comp\u00e9tences et mieux servir son pays, a soulign\u00e9 le Recteur de l\u2019Ucad. Et de poursuivre&nbsp;: \u00abMonsieur le Recteur Ibrahima Thioub, l\u2019Ucad, que vous avez servie pendant plus de trois d\u00e9cennies au moins, vous doit sa reconnaissance et ses centaines d\u2019\u00e9tudiants que vous avez g\u00e9n\u00e9reusement abreuv\u00e9s de savoir ont eu l\u2019heureux sentiment de devoir vous honorer\u00bb, s\u2019est-il r\u00e9joui, tout en estimant que c\u2019est un hommage amplement m\u00e9rit\u00e9. Selon Amadou Aly Mbaye, le travail du Pr Thioub est magnifi\u00e9 et reconnu sur d\u2019autres cieux et d\u2019autres universit\u00e9s. \u00abVos recherches vous ont valu une reconnaissance scientifique. Votre engagement et abn\u00e9gation ont \u00e9t\u00e9 salu\u00e9s par vos pairs et couronn\u00e9s par des distinctions\u00bb, a fait savoir Pr Mbaye, pour parler de cet historien \u00abcomplet\u00bb qui n\u2019a pas h\u00e9sit\u00e9 \u00e0 fouiller dans les marges de la soci\u00e9t\u00e9 pour en r\u00e9v\u00e9ler les ruptures et d\u00e9rives.<\/p>\n\n\n\n<p><strong>Sens \u00e9thique et professionnel<\/strong><br>D\u2019apr\u00e8s le Pr Mbaye, les qualit\u00e9s intellectuelles de l\u2019homme et la finesse de ses approches lui ont permis d\u2019aborder tous les registres de l\u2019analyse sociale en politique, en sociologie et surtout dans l\u2019analyse du fait religieux. A l\u2019en croire d\u2019ailleurs, le Pr Ibrahima Thioub a un sens \u00e9thique et professionnel rarement \u00e9gal\u00e9, et son apport sur la place et le r\u00f4le des \u00e9lites traditionnelles dans la traite transatlantique reste un des aspects les plus importants de son \u0153uvre. Dans son discours, il admet que certes le passage de Ibrahima Thioub \u00e0 la t\u00eate du Rectorat de l\u2019Ucad a \u00e9t\u00e9 marqu\u00e9 par quelques moments difficiles pour qui conna\u00eet l\u2019espace acad\u00e9mique, pour des raisons in\u00e9vitables. Mais, dit-il, le professeur d\u2019histoire avait toujours su, avec son calme olympien, proposer des solutions de sortie de crise. \u00abVous avez balis\u00e9 le chemin avec des r\u00e9formes arides et des initiatives qui m\u2019ont beaucoup facilit\u00e9 la t\u00e2che quand j\u2019ai eu l\u2019honneur de vous succ\u00e9der comme Recteur de l\u2019universit\u00e9 Cheikh Anta Diop de Dakar\u00bb, t\u00e9moigne Amadou Aly Mbaye \u00e0 l\u2019endroit de son pr\u00e9d\u00e9cesseur.<\/p>\n\n\n\n<p><strong>Pr Ibrahima Thioub, un mod\u00e8le \u00e0 suivre<\/strong><br>De son c\u00f4t\u00e9, le Pr Idrissa Ba, chef du D\u00e9partement d\u2019histoire de l\u2019Ucad, est aussi revenu sur les qualit\u00e9s de son ma\u00eetre, le Pr Ibrahima Thioub. \u00abL\u2019homme que nous f\u00eatons aujourd\u2019hui est discret, modeste, doux, bon, g\u00e9n\u00e9reux, affable, altruiste et fid\u00e8le en amiti\u00e9. Un historien de talent. Un redoutable orateur. Un passeur de fronti\u00e8re historique, historiographique et \u00e9pist\u00e9mologique\u00bb, a dit Idrissa Ba, qui a \u00e9t\u00e9 de l\u2019une des premi\u00e8res promotions d\u2019\u00e9tudiants encadr\u00e9s par le Pr Ibrahima Thioub. Le Pr Alioune Badara Kandji, Doyen de la Facult\u00e9 des lettres et sciences humaines (Flsh), pour sa part, a indiqu\u00e9 que le Pr Ibrahima Thioub a contribu\u00e9 \u00e0 la formation des \u00e9tudiants du S\u00e9n\u00e9gal, d\u2019Afrique et d\u2019ailleurs, mais aussi a rendu fi\u00e8res les diff\u00e9rentes composantes de la Flsh. Pour lui, le Pr Thioub est un mod\u00e8le \u00e0 suivre. \u00abEnseignant, il a \u00e9t\u00e9 un excellent p\u00e9dagogue. Chercheur, la qualit\u00e9 de ses travaux est reconnue partout et par toute la communaut\u00e9 scientifique. Chef de d\u00e9partement, il a \u00e9t\u00e9 un brillant administrateur. Recteur, il a \u00e9t\u00e9 un bienveillant pr\u00e9sident de l\u2019Assembl\u00e9e de l\u2019universit\u00e9 en engageant des r\u00e9formes qui font que l\u2019Ucad continue d\u2019\u00eatre comp\u00e9titive, se pla\u00e7ant m\u00eame premi\u00e8re universit\u00e9 d\u2019Afrique francophone\u00bb, fait-t-il savoir. Pour rappel, la le\u00e7on inaugurale de ce colloque a \u00e9t\u00e9 donn\u00e9e sur le th\u00e8me&nbsp;: \u00abEcrire l\u2019histoire en Afrique contemporaine.\u00bb Et pour le Pr Thioub, il y a \u00e9norm\u00e9ment de th\u00e8mes qui essaient de croiser les th\u00e9matiques de ce colloque, sur lesquels il a travaill\u00e9 et form\u00e9 des \u00e9tudiants. \u00ab\u00c7a va de l\u2019histoire carc\u00e9rale, de l\u2019histoire des architectures religieuses, de l\u2019histoire des marginalit\u00e9s et de l\u2019exclusion, l\u2019histoire de la domination \u00e0 l\u2019\u00e9criture de l\u2019histoire, c\u2019est-\u00e0-dire faire l\u2019histoire de l\u2019histoire\u00bb, a-t-il conclu.<\/p>\n\n\n\n<p><strong>\u00abL\u2019universit\u00e9 est un espace de la controverse par les id\u00e9es et non par le feu\u00bb<\/strong><\/p>\n\n\n\n<p>Ce sont les anciens \u00e9tudiants du Pr Ibrahima Thioub qui ont port\u00e9 cet hommage \u00e0 l\u2019ancien Recteur de l\u2019Ucad. Face \u00e0 ses pairs, le Pr Thioub se dit habit\u00e9 par un sentiment de fiert\u00e9. Fiert\u00e9 d\u2019avoir servi son pays \u00e0 travers l\u2019\u00e9cole pendant plus d\u2019un demi-si\u00e8cle, mais aussi fiert\u00e9 d\u2019avoir form\u00e9 des g\u00e9n\u00e9rations d\u2019enseignants et de chercheurs. \u00abJe suis tr\u00e8s fier qu\u2019ils aient eu l\u2019id\u00e9e de m\u2019honorer, et de m\u2019honorer par ce que j\u2019aime le mieux : le savoir. Il n\u2019y a pas de soci\u00e9t\u00e9 sans formation. Et la qualit\u00e9 des soci\u00e9t\u00e9s se mesure \u00e0 ce qu\u2019elles consacrent \u00e0 la formation\u00bb, fait-t-il comprendre. Avec cette c\u00e9r\u00e9monie, occasion ne pouvait \u00eatre meilleure pour l\u2019ancien Recteur de l\u2019Ucad d\u2019exprimer sa d\u00e9solation et son regret sur les saccages et actes de vandalisme perp\u00e9tr\u00e9s \u00e0 l\u2019universit\u00e9. \u00abEsp\u00e9rons que ceux qui ont failli en portant le feu au lieu du savoir, se ressaisiront pour savoir que la lutte politique peut se d\u00e9rouler dans d\u2019autres espaces, mais que l\u2019espace universitaire, c\u2019est l\u2019espace du savoir, de la controverse, qui se fait par les id\u00e9es et non par le feu. Je pense que si tous nous le comprenons, nous allons pr\u00e9server tous nos lieux de savoir parce qu\u2019il y va de notre devenir en tant qu\u2019humains\u00bb, a-t-il laiss\u00e9 entendre.<\/p>\n\n\n\n<p><\/p>\n\n\n\n<p>LEQUOTIDIEN<\/p>\n","protected":false},"excerpt":{"rendered":"<p>Les participants au Colloque international en hommage au Pr Ibrahima Thioub ont salu\u00e9 hier, \u00e0 l\u2019unanimit\u00e9, les hauts faits et<\/p>\n","protected":false},"author":1,"featured_media":16530,"comment_status":"open","ping_status":"open","sticky":false,"template":"","format":"standard","meta":{"footnotes":""},"categories":[21],"tags":[],"class_list":["post-16529","post","type-post","status-publish","format-standard","has-post-thumbnail","hentry","category-societe"],"_links":{"self":[{"href":"https:\/\/dekkbi.com\/index.php?rest_route=\/wp\/v2\/posts\/16529","targetHints":{"allow":["GET"]}}],"collection":[{"href":"https:\/\/dekkbi.com\/index.php?rest_route=\/wp\/v2\/posts"}],"about":[{"href":"https:\/\/dekkbi.com\/index.php?rest_route=\/wp\/v2\/types\/post"}],"author":[{"embeddable":true,"href":"https:\/\/dekkbi.com\/index.php?rest_route=\/wp\/v2\/users\/1"}],"replies":[{"embeddable":true,"href":"https:\/\/dekkbi.com\/index.php?rest_route=%2Fwp%2Fv2%2Fcomments&post=16529"}],"version-history":[{"count":1,"href":"https:\/\/dekkbi.com\/index.php?rest_route=\/wp\/v2\/posts\/16529\/revisions"}],"predecessor-version":[{"id":16531,"href":"https:\/\/dekkbi.com\/index.php?rest_route=\/wp\/v2\/posts\/16529\/revisions\/16531"}],"wp:featuredmedia":[{"embeddable":true,"href":"https:\/\/dekkbi.com\/index.php?rest_route=\/wp\/v2\/media\/16530"}],"wp:attachment":[{"href":"https:\/\/dekkbi.com\/index.php?rest_route=%2Fwp%2Fv2%2Fmedia&parent=16529"}],"wp:term":[{"taxonomy":"category","embeddable":true,"href":"https:\/\/dekkbi.com\/index.php?rest_route=%2Fwp%2Fv2%2Fcategories&post=16529"},{"taxonomy":"post_tag","embeddable":true,"href":"https:\/\/dekkbi.com\/index.php?rest_route=%2Fwp%2Fv2%2Ftags&post=16529"}],"curies":[{"name":"wp","href":"https:\/\/api.w.org\/{rel}","templated":true}]}}