{"id":16515,"date":"2023-07-14T11:24:29","date_gmt":"2023-07-14T11:24:29","guid":{"rendered":"https:\/\/dekkbi.com\/?p=16515"},"modified":"2023-07-14T12:57:43","modified_gmt":"2023-07-14T12:57:43","slug":"emigrations-au-chevet-des-rescapes-de-saint-louis-antoine-diome-partage-les-notes-de-letat","status":"publish","type":"post","link":"https:\/\/dekkbi.com\/?p=16515","title":{"rendered":"Au chevet des rescap\u00e9s de Saint-Louis: Antoine Diome partage les notes de l\u2019Etat"},"content":{"rendered":"\n<p><strong>En visite \u00e0 Saint-Louis hier o\u00f9 il \u00e9tait au chevet des rescap\u00e9s du naufrage d\u2019une embarcation qui transportait une soixantaine de migrants irr\u00e9guliers, le ministre de l\u2019Int\u00e9rieur a apport\u00e9 un d\u00e9menti \u00e0 ceux qui faisaient \u00e9tat, il y a quelques jours, de la disparition de 300 jeunes migrants s\u00e9n\u00e9galais dans les eaux internationales, a soulign\u00e9 qu\u2019il n\u2019en est rien, avant d\u2019inviter les diff\u00e9rents acteurs \u00e0 \u00e9viter de politiser ce ph\u00e9nom\u00e8ne dont les causes \u00abne sont pas qu\u2019\u00e9conomiques\u00bb.<\/strong><\/p>\n\n\n\n<p><strong>Par Cheikh NDIONGUE \u2013&nbsp;<\/strong>Apr\u00e8s le drame de Saint-Louis, F\u00e9lix Antoine Abdoulaye Diome est arriv\u00e9 sur les lieux. Selon le ministre de l\u2019Int\u00e9rieur, qui avait \u00e0 ses c\u00f4t\u00e9s Mamadou Bocar Ly, Secr\u00e9taire permanent du Comit\u00e9 interminist\u00e9riel de lutte contre l\u2019\u00e9migration clandestine, des responsables de la Marine nationale, des sapeurs-pompiers, de la police et de la gendarmerie, a partag\u00e9 d\u2019abord une bonne nouvelle&nbsp;en cette p\u00e9riode de deuil : sur les 300 personnes port\u00e9es disparues aux larges du Maroc, 276 sont actuellement intern\u00e9es \u00e0 Dahla et sont prises en charge par le minist\u00e8re des Affaires \u00e9trang\u00e8res, en collaboration avec les autorit\u00e9s marocaines et mauritaniennes. Il a dans la m\u00eame lanc\u00e9e fait savoir que la diplomatie s\u00e9n\u00e9galaise a pris toutes les dispositions pour leur acheminement au S\u00e9n\u00e9gal.<\/p>\n\n\n\n<p>F\u00e9lix Antoine Diome en a d\u2019ailleurs profit\u00e9 pour interpeller toutes les personnes et organisations qui essaient, d\u2019apr\u00e8s lui, de politiser cette affaire. \u00abEvitons de politiser des sujets aussi s\u00e9rieux, l\u2019Etat du S\u00e9n\u00e9gal et les Ong ont la m\u00eame mission\u00bb, rappelle-t-il. Il invite les m\u00e9dias \u00ab\u00e0 \u00eatre plus prudents et regardants concernant le traitement des sujets comme l\u2019\u00e9migration clandestine, et de bien revoir les informations et chiffres diffus\u00e9s sur les r\u00e9seaux sociaux\u00bb.<\/p>\n\n\n\n<p>Abordant la question des v\u00e9ritables causes du ph\u00e9nom\u00e8ne de l\u2019\u00e9migration irr\u00e9guli\u00e8re, le ministre de l\u2019Int\u00e9rieur a laiss\u00e9 entendre que la question n\u2019est pas uniquement \u00e9conomique, dans la mesure o\u00f9 au-del\u00e0 des questions \u00e9conomiques, il y a des sp\u00e9cificit\u00e9s selon les zones concern\u00e9es par les d\u00e9parts. S\u2019agissant de la r\u00e9solution du ph\u00e9nom\u00e8ne, il explique&nbsp;: \u00abUn travail de fond est entam\u00e9 depuis des ann\u00e9es, avec la mise en place par le chef de l\u2019Etat depuis le 30 d\u00e9cembre 2020, du Secr\u00e9tariat permanent du Comit\u00e9 interminist\u00e9riel de lutte contre l\u2019\u00e9migration clandestine, dirig\u00e9 par le Commissaire divisionnaire Mamadou Bocar Ly.\u00bb<\/p>\n\n\n\n<p>Dans la m\u00eame dynamique, il a fait savoir que des \u00e9changes ont eu lieu avec les communaut\u00e9s de base pour la formulation de la Strat\u00e9gie nationale de lutte contre la migration irr\u00e9guli\u00e8re, qui est d\u00e9j\u00e0 valid\u00e9e techniquement. \u00abLa validation de la phase politique qui reste va d\u00e9marrer le 27 juillet prochain, sous la pr\u00e9sidence du Premier ministre\u00bb, ajoute-t-il. Elle sera suivie d\u2019un plan op\u00e9rationnel pour apporter des solutions.<\/p>\n\n\n\n<p>Par ailleurs, Antoine F\u00e9lix Abdoulaye Diome a exprim\u00e9 son d\u00e9saccord par rapport \u00e0 ceux qui soutiennent que la migration irr\u00e9guli\u00e8re est due seulement \u00e0 des causes purement \u00e9conomiques. \u00abAu-del\u00e0 des questions \u00e9conomiques, il y a aussi des sp\u00e9cificit\u00e9s selon les zones concern\u00e9es par les d\u00e9parts. La question de la migration irr\u00e9guli\u00e8re n\u2019est pas uniquement \u00e9conomique. Il y a le besoin naturel chez l\u2019\u00eatre humain de d\u00e9couvrir d\u2019autres horizons, d\u2019autres cultures. C\u2019est une question aussi vieille que le monde et qui traverse les \u00e2ges\u00bb, souligne-t-il.<\/p>\n\n\n\n<p>Apr\u00e8s avoir rendu visite aux rescap\u00e9s, le ministre de l\u2019Int\u00e9rieur a salu\u00e9 le \u00abtravail remarquable\u00bb de la Base navale du Nord, des Forces de d\u00e9fense et de s\u00e9curit\u00e9 (police, gendarmerie, sapeurs-pompiers) et des autorit\u00e9s administratives. Pour lui, l\u2019Etat dispose de plusieurs instruments de lutte contre cette pratique&nbsp;: \u00abIl faut aller au-del\u00e0 de la surveillance et de la r\u00e9pression. Il y a l\u2019aspect \u00e9conomique, l\u2019aspect social et l\u2019aspect sociologique. Apr\u00e8s le programme X\u00ebyu ndaw \u00f1i, les financements des jeunes et des femmes avec la Der\/fj, la question est beaucoup plus globale dont le traitement requiert un processus participatif et inclusif. Il ne s\u2019agit pas de surveiller et de r\u00e9primer, mais impliquer pour plus d\u2019engagement et essayer de voir comment traiter les questions purement \u00e9conomiques de fa\u00e7on tr\u00e8s efficace.\u00bb Antoine Diome rappelle que l\u2019Etat a mis en \u0153uvre la migration circulaire avec des pays comme l\u2019Espagne, permettant \u00e0 de jeunes S\u00e9n\u00e9galais d\u2019aller travailler pour une saison. \u00abEt rentrer tranquillement\u00bb, ajoute-t-il.<br><strong>cndiongue@lequotidien.sn<\/strong><\/p>\n","protected":false},"excerpt":{"rendered":"<p>En visite \u00e0 Saint-Louis hier o\u00f9 il \u00e9tait au chevet des rescap\u00e9s du naufrage d\u2019une embarcation qui transportait une soixantaine<\/p>\n","protected":false},"author":1,"featured_media":16516,"comment_status":"open","ping_status":"open","sticky":false,"template":"","format":"standard","meta":{"footnotes":""},"categories":[26],"tags":[],"class_list":["post-16515","post","type-post","status-publish","format-standard","has-post-thumbnail","hentry","category-fait-divers"],"_links":{"self":[{"href":"https:\/\/dekkbi.com\/index.php?rest_route=\/wp\/v2\/posts\/16515","targetHints":{"allow":["GET"]}}],"collection":[{"href":"https:\/\/dekkbi.com\/index.php?rest_route=\/wp\/v2\/posts"}],"about":[{"href":"https:\/\/dekkbi.com\/index.php?rest_route=\/wp\/v2\/types\/post"}],"author":[{"embeddable":true,"href":"https:\/\/dekkbi.com\/index.php?rest_route=\/wp\/v2\/users\/1"}],"replies":[{"embeddable":true,"href":"https:\/\/dekkbi.com\/index.php?rest_route=%2Fwp%2Fv2%2Fcomments&post=16515"}],"version-history":[{"count":2,"href":"https:\/\/dekkbi.com\/index.php?rest_route=\/wp\/v2\/posts\/16515\/revisions"}],"predecessor-version":[{"id":16546,"href":"https:\/\/dekkbi.com\/index.php?rest_route=\/wp\/v2\/posts\/16515\/revisions\/16546"}],"wp:featuredmedia":[{"embeddable":true,"href":"https:\/\/dekkbi.com\/index.php?rest_route=\/wp\/v2\/media\/16516"}],"wp:attachment":[{"href":"https:\/\/dekkbi.com\/index.php?rest_route=%2Fwp%2Fv2%2Fmedia&parent=16515"}],"wp:term":[{"taxonomy":"category","embeddable":true,"href":"https:\/\/dekkbi.com\/index.php?rest_route=%2Fwp%2Fv2%2Fcategories&post=16515"},{"taxonomy":"post_tag","embeddable":true,"href":"https:\/\/dekkbi.com\/index.php?rest_route=%2Fwp%2Fv2%2Ftags&post=16515"}],"curies":[{"name":"wp","href":"https:\/\/api.w.org\/{rel}","templated":true}]}}