{"id":16513,"date":"2023-07-14T11:17:21","date_gmt":"2023-07-14T11:17:21","guid":{"rendered":"https:\/\/dekkbi.com\/?p=16513"},"modified":"2023-07-14T11:17:22","modified_gmt":"2023-07-14T11:17:22","slug":"adoube-par-des-senegalais-de-la-diaspora-karim-la-seule-alternative","status":"publish","type":"post","link":"https:\/\/dekkbi.com\/?p=16513","title":{"rendered":"Adoub\u00e9 par des S\u00e9n\u00e9galais de la diaspora : \u00abKarim, la seule alternative\u00bb"},"content":{"rendered":"\n<p>En cr\u00e9ant le Mouvement Diaspora jogna fal Karim jotna (Mdjfkj), \u00abdes S\u00e9n\u00e9galais &nbsp;\u00e9tablis en Europe, notamment en Allemagne\u00bb, ont d\u00e9cid\u00e9 de porter la candidature de Karim Me\u00efssa Wade \u00e0 la Pr\u00e9sidentielle de 2024. Dans un communiqu\u00e9, les membres dudit mouvement consid\u00e8rent la candidature du fils de l\u2019ancien pr\u00e9sident de la R\u00e9publique, Abdoulaye Wade, comme \u00abla seule &nbsp;alternative cr\u00e9dible pour assurer le d\u00e9veloppement durable\u00bb.<\/p>\n\n\n\n<p>Selon eux, \u00absuivant de pr\u00e8s l\u2019\u00e9volution politique du S\u00e9n\u00e9gal depuis 2012 jusqu\u2019\u00e0 nos jours, Karim Me\u00efssa Wade a fait montre d\u2019un courage exemplaire, de r\u00e9silience renforc\u00e9e et de conviction politique ferme pour affronter les diff\u00e9rents obstacles qui se sont dress\u00e9s devant lui\u00bb.<\/p>\n\n\n\n<p>Certes, soutiennent ces S\u00e9n\u00e9galais de la diaspora, \u00abl\u2019adversit\u00e9 et le risque font partie de l\u2019itin\u00e9raire de tous ceux qui aspirent \u00e0 diriger un pays\u00bb. Mais, estiment-ils, \u00able cursus et le leadership de Karim Me\u00efssa Wade, marqu\u00e9s par la constance dans ses actes de tous les jours, montrent \u00e0 suffisance qu\u2019il est la seule alternative cr\u00e9dible pour r\u00e9pondre aux aspirations du Peuple\u00bb.<\/p>\n\n\n\n<p>Dans le cadre des activit\u00e9s pour adopter une strat\u00e9gie de conqu\u00eate du pouvoir \u00e0 partir de la Diaspora, le mouvement annonce une Assembl\u00e9e g\u00e9n\u00e9rale extraordinaire le 24 octobre 2023 en Allemagne. \u00abCette Assembl\u00e9e g\u00e9n\u00e9rale verra la participation de fortes d\u00e9l\u00e9gations venues du continent europ\u00e9en et des autres continents\u00bb, informe le communiqu\u00e9.<\/p>\n\n\n\n<p>Par ailleurs, le Mouvement Diaspora jogna fal Karim jotna invite \u00abtous les S\u00e9n\u00e9\u00adgalais \u00e0 r\u00e9server au fils du Pr\u00e9sident Wade, un accueil triomphal \u00e0 son retour au pays dans les prochains jours\u00bb.<\/p>\n\n\n\n<p><br><strong>dkane@lequotidien.sn<\/strong><\/p>\n","protected":false},"excerpt":{"rendered":"<p>En cr\u00e9ant le Mouvement Diaspora jogna fal Karim jotna (Mdjfkj), \u00abdes S\u00e9n\u00e9galais &nbsp;\u00e9tablis en Europe, notamment en Allemagne\u00bb, ont d\u00e9cid\u00e9<\/p>\n","protected":false},"author":1,"featured_media":0,"comment_status":"open","ping_status":"open","sticky":false,"template":"","format":"standard","meta":{"footnotes":""},"categories":[6],"tags":[],"class_list":["post-16513","post","type-post","status-publish","format-standard","hentry","category-politics"],"_links":{"self":[{"href":"https:\/\/dekkbi.com\/index.php?rest_route=\/wp\/v2\/posts\/16513","targetHints":{"allow":["GET"]}}],"collection":[{"href":"https:\/\/dekkbi.com\/index.php?rest_route=\/wp\/v2\/posts"}],"about":[{"href":"https:\/\/dekkbi.com\/index.php?rest_route=\/wp\/v2\/types\/post"}],"author":[{"embeddable":true,"href":"https:\/\/dekkbi.com\/index.php?rest_route=\/wp\/v2\/users\/1"}],"replies":[{"embeddable":true,"href":"https:\/\/dekkbi.com\/index.php?rest_route=%2Fwp%2Fv2%2Fcomments&post=16513"}],"version-history":[{"count":1,"href":"https:\/\/dekkbi.com\/index.php?rest_route=\/wp\/v2\/posts\/16513\/revisions"}],"predecessor-version":[{"id":16514,"href":"https:\/\/dekkbi.com\/index.php?rest_route=\/wp\/v2\/posts\/16513\/revisions\/16514"}],"wp:attachment":[{"href":"https:\/\/dekkbi.com\/index.php?rest_route=%2Fwp%2Fv2%2Fmedia&parent=16513"}],"wp:term":[{"taxonomy":"category","embeddable":true,"href":"https:\/\/dekkbi.com\/index.php?rest_route=%2Fwp%2Fv2%2Fcategories&post=16513"},{"taxonomy":"post_tag","embeddable":true,"href":"https:\/\/dekkbi.com\/index.php?rest_route=%2Fwp%2Fv2%2Ftags&post=16513"}],"curies":[{"name":"wp","href":"https:\/\/api.w.org\/{rel}","templated":true}]}}