{"id":16510,"date":"2023-07-14T11:15:46","date_gmt":"2023-07-14T11:15:46","guid":{"rendered":"https:\/\/dekkbi.com\/?p=16510"},"modified":"2023-07-14T11:15:48","modified_gmt":"2023-07-14T11:15:48","slug":"sokhna-awa-diop-mbacke-ministre-conseiller-a-la-presidence-et-coordonnateur-du-badea-pourquoi-je-suis-candidate-a-la-candidature-au-sein-de-benno","status":"publish","type":"post","link":"https:\/\/dekkbi.com\/?p=16510","title":{"rendered":"Sokhna Awa Diop Mback\u00e9, Ministre-Conseiller \u00e0 la Pr\u00e9sidence et coordonnateur du BADEA: \u00ab Pourquoi je suis candidate \u00e0 la candidature au sein de Benno \u00bb"},"content":{"rendered":"\n<h3 class=\"wp-block-heading\">Le renoncement du Pr\u00e9sident Macky Sall \u00e0 la 3e candidature, aiguise, au jour le jour, des ambitions pr\u00e9sidentielles au sein de l\u2019Alliance pour la R\u00e9publique (APR) et de la coalition Benno Bokk Yakaar (Bby), au pouvoir. Sokhna Awa Diop Mback\u00e9, Ministre-Conseiller \u00e0 la Pr\u00e9sidence, responsable nationale des femmes de l\u2019APR en France et coordonnatrice du Bureau d\u2019Assistance aux Daaras et aux Dipl\u00f4m\u00e9s de l\u2019Enseignement Arabe, vient de se lancer dans la course pour la Pr\u00e9sidentielle du 25 f\u00e9vrier 2024.<\/h3>\n\n\n\n<p>Apr\u00e8s Abdoulaye Diouf Sarr et Abdou Aziz Diop, qui ont d\u00e9clar\u00e9 publiquement chacun sa candidature devant le Pr\u00e9sident Sall, lors du Secr\u00e9tariat ex\u00e9cutif de l\u2019APR du 3 Juillet dernier au Palais de la R\u00e9publique, et les quelques candidatures des alli\u00e9s de l\u2019APR qui commencent \u00e0 se signaler \u00e7\u00e0 et l\u00e0, Sokhna Awa Diop Mback\u00e9, femme tr\u00e8s influente et une des pointures f\u00e9minines politique du parti au pouvoir, au niveau national et de la diaspora, vient de se lancer dans la course pour la Pr\u00e9sidentielle du 25 f\u00e9vrier 2024.<\/p>\n\n\n\n<p>En effet, Sokhna Awa Diop Mback\u00e9, Ministre-Conseiller \u00e0 la Pr\u00e9sidence, responsable national des femmes de l\u2019APR en France et coordonnatrice du Bureau d\u2019Assistance aux Daaras et aux Dipl\u00f4m\u00e9s de l\u2019Enseignement Arabe (BADEA), a annonc\u00e9 \u00e0 \u00ab\u00a0L\u2019Observateur\u00a0\u00bb qu\u2019elle est candidate \u00e0 la candidature au sein de BBY pour remplacer le Pr\u00e9sident sortant. Madame Mback\u00e9, ex vice-consul du S\u00e9n\u00e9gal \u00e0 Paris pendant 10 ans, justifie sa candidature par l\u2019exclusion des femmes du Parti et de Benno, dans les consultations pour le choix du prochain candidat de la mouvance pr\u00e9sidentielle.<\/p>\n\n\n\n<p>\u00ab&nbsp;<em>Comme d\u2019autres femmes leaders du Parti, j\u2019ai des ambitions. On doit me consulter pour savoir si je veux ou non \u00eatre candidate, d\u00e8s lors que le Pr\u00e9sident a d\u00e9cid\u00e9 de ne pas se pr\u00e9senter. Ce qui \u00e9tait l\u00e9gitime et normal, c\u2019est de consulter toutes les structures de base du Parti et de la coalition, c\u2019est-\u00e0-dire, les jeunes, les cadres, les femmes, les sages pour recueillir leurs avis&nbsp;<\/em>\u00bb, a fait savoir Madame Mback\u00e9.<\/p>\n\n\n\n<p>Avant d\u2019ajouter : \u00ab<em>&nbsp;Je suis militante disciplin\u00e9e et je reconnais le leadership du Pr\u00e9sident Sall. Mais, ce que je ne peux pas accepter, en tant que femme leader de l\u2019APR, est qu\u2019on me dise vendredi prochain, c\u2019est tel homme que le Pr\u00e9sident a choisi comme candidat du camp au pouvoir, sans consulter les femmes pour savoir si elles nourrissent des ambitions&nbsp;<\/em>\u00bb.<\/p>\n\n\n\n<p>Elle exige des concertations beaucoup plus larges pour trouver un consensus sur le candidat qu\u2019il faut \u00e0 Benno pour 2024. Mme Mback\u00e9 appelle au respect des femmes du Parti. \u00ab&nbsp;<em>Ce qui me r\u00e9volte aujourd\u2019hui, c\u2019est pourquoi on ne nous a pas consult\u00e9es en tant que femmes. C\u2019est comme si nous n\u2019avons pas notre mot \u00e0 dire. O\u00f9 est la parit\u00e9 dans tout \u00e7a ? Pourquoi on doit penser qu\u2019apr\u00e8s Macky Sall, c\u2019est un Homme seulement qui pourra diriger le S\u00e9n\u00e9gal ? Pourquoi pas une Femme ?&nbsp;<\/em>\u00bb, s\u2019interroge-t-elle, avant d\u2019ajouter que, \u00ab&nbsp;<em>c\u2019est une candidature qui sera une cons\u00e9cration et va hisser le leadership f\u00e9minin tr\u00e8s haut, au niveau national et international<\/em>\u00bb.<br><\/p>\n\n\n\n<p>Ousmane Wade<\/p>\n\n\n\n<p>LERAL<\/p>\n","protected":false},"excerpt":{"rendered":"<p>Le renoncement du Pr\u00e9sident Macky Sall \u00e0 la 3e candidature, aiguise, au jour le jour, des ambitions pr\u00e9sidentielles au sein<\/p>\n","protected":false},"author":1,"featured_media":16511,"comment_status":"open","ping_status":"open","sticky":false,"template":"","format":"standard","meta":{"footnotes":""},"categories":[6],"tags":[],"class_list":["post-16510","post","type-post","status-publish","format-standard","has-post-thumbnail","hentry","category-politics"],"_links":{"self":[{"href":"https:\/\/dekkbi.com\/index.php?rest_route=\/wp\/v2\/posts\/16510","targetHints":{"allow":["GET"]}}],"collection":[{"href":"https:\/\/dekkbi.com\/index.php?rest_route=\/wp\/v2\/posts"}],"about":[{"href":"https:\/\/dekkbi.com\/index.php?rest_route=\/wp\/v2\/types\/post"}],"author":[{"embeddable":true,"href":"https:\/\/dekkbi.com\/index.php?rest_route=\/wp\/v2\/users\/1"}],"replies":[{"embeddable":true,"href":"https:\/\/dekkbi.com\/index.php?rest_route=%2Fwp%2Fv2%2Fcomments&post=16510"}],"version-history":[{"count":1,"href":"https:\/\/dekkbi.com\/index.php?rest_route=\/wp\/v2\/posts\/16510\/revisions"}],"predecessor-version":[{"id":16512,"href":"https:\/\/dekkbi.com\/index.php?rest_route=\/wp\/v2\/posts\/16510\/revisions\/16512"}],"wp:featuredmedia":[{"embeddable":true,"href":"https:\/\/dekkbi.com\/index.php?rest_route=\/wp\/v2\/media\/16511"}],"wp:attachment":[{"href":"https:\/\/dekkbi.com\/index.php?rest_route=%2Fwp%2Fv2%2Fmedia&parent=16510"}],"wp:term":[{"taxonomy":"category","embeddable":true,"href":"https:\/\/dekkbi.com\/index.php?rest_route=%2Fwp%2Fv2%2Fcategories&post=16510"},{"taxonomy":"post_tag","embeddable":true,"href":"https:\/\/dekkbi.com\/index.php?rest_route=%2Fwp%2Fv2%2Ftags&post=16510"}],"curies":[{"name":"wp","href":"https:\/\/api.w.org\/{rel}","templated":true}]}}