{"id":16413,"date":"2023-07-13T10:01:29","date_gmt":"2023-07-13T10:01:29","guid":{"rendered":"https:\/\/dekkbi.com\/?p=16413"},"modified":"2023-07-13T12:37:25","modified_gmt":"2023-07-13T12:37:25","slug":"france-un-dispositif-de-securite-exceptionnel-deploye-pour-le-14-juillet","status":"publish","type":"post","link":"https:\/\/dekkbi.com\/?p=16413","title":{"rendered":"France, 14-Juillet: dispositif \u00abexceptionnel\u00bb"},"content":{"rendered":"\n<p>Craignant de voir les traditionnels d\u00e9bordements \u00eatre amplifi\u00e9s par les \u00e9meutes urbaines qui ont \u00e9maill\u00e9 le pays suite \u00e0 la mort de Nahel, tu\u00e9 par un policier le 27 juin en banlieue parisienne, le gouvernement a d\u00e9cid\u00e9 de mobiliser un dispositif d\u2019ampleur pour les 13 et 14 juillet.<\/p>\n\n\n\n<p>Le \u00ab&nbsp;<em><strong>m\u00eame modus operandi<\/strong>&nbsp;que lors des \u00e9meutes&nbsp;<\/em>\u00bb sera d\u00e9ploy\u00e9, a indiqu\u00e9 le ministre de l&rsquo;Int\u00e9rieur G\u00e9rald Darmanin lors d&rsquo;une conf\u00e9rence de presse. Pour la f\u00eate nationale du 14-Juillet et la veille, 45&nbsp;000 membres des forces de l\u2019ordre seront mobilis\u00e9s chaque soir, dans tout le pays, pour assurer la s\u00e9curit\u00e9. Les forces sp\u00e9ciales du Raid, du GIGN et de la BRI ainsi que les h\u00e9licopt\u00e8res et les v\u00e9hicules blind\u00e9s de la gendarmerie seront aussi \u00e0 nouveau engag\u00e9s dans les communes les plus sensibles. \u00ab&nbsp;<em>Un effort in\u00e9dit&nbsp;<\/em>\u00bb, s&rsquo;est f\u00e9licit\u00e9 le ministre sur Twitter.&nbsp;<\/p>\n\n\n\n<p>Chaque ann\u00e9e, des d\u00e9bordements ont lieu en marge des festivit\u00e9s du 14-Juillet. Mais cette fois, le gouvernement est particuli\u00e8rement inquiet des violences qui pourraient survenir en \u00e9cho aux&nbsp;<strong>\u00e9meutes&nbsp;<\/strong>qui ont suivi la mort du jeune Nahel, tu\u00e9&nbsp;<strong>par un policier&nbsp;<\/strong>lors d\u2019un contr\u00f4le \u00e0 Nanterre le 27 juin dernier.<\/p>\n\n\n\n<p><\/p>\n\n\n\n<p>Depuis la Lituanie, o\u00f9 il a assist\u00e9&nbsp;<strong>au sommet de l\u2019Otan<\/strong>, le pr\u00e9sident fran\u00e7ais Emmanuel Macron a promis d&rsquo;agir \u00ab&nbsp;<em>avec la plus grande d\u00e9termination<\/em>&nbsp;\u00bb. \u00ab&nbsp;<em>S&rsquo;il y avait quelques d\u00e9bordements, nous interviendrions avec la plus grande d\u00e9termination pour que l&rsquo;ensemble de nos concitoyens puisse vivre dans le calme&nbsp;<\/em>\u00bb, a dit le chef de l&rsquo;\u00c9tat lors d&rsquo;une conf\u00e9rence de presse.<\/p>\n\n\n\n<p>Selon une source s\u00e9curitaire, une vigilance particuli\u00e8re est port\u00e9e sur l\u2019Ile-de-France, le Nord et la r\u00e9gion lyonnaise. Dans tout le pays, sauf quelques exceptions, les bus et tramways s&rsquo;arr\u00eateront de nouveau plus t\u00f4t en soir\u00e9e, jusqu&rsquo;\u00e0 22h maximum, voire 21h en r\u00e9gion parisienne.<\/p>\n\n\n\n<h2 class=\"wp-block-heading\">Mortiers d&rsquo;artifices<\/h2>\n\n\n\n<p>Les autorit\u00e9s veulent \u00e9galement faire respecter le d\u00e9cret interdisant jusqu&rsquo;\u00e0 samedi la vente de tous les articles de pyrotechnie, dont les \u00ab&nbsp;mortiers&nbsp;\u00bb d&rsquo;artifice utilis\u00e9s comme armes contre les forces de l&rsquo;ordre ou pour incendier des b\u00e2timents.<\/p>\n\n\n\n<p>Dans un t\u00e9l\u00e9gramme du 6 juillet, G\u00e9rald Darmanin avait demand\u00e9 aux pr\u00e9fets de renforcer les contr\u00f4les. \u00ab&nbsp;<em>150 000 mortiers d&rsquo;artifices<\/em>&nbsp;\u00bb ont \u00e9t\u00e9 saisis depuis le 27 juin, s&rsquo;est-il f\u00e9licit\u00e9. Ces saisies \u00ab<em>&nbsp;laissent supposer que les quartiers essaient de se r\u00e9approvisionner pour le 14-Juillet&nbsp;<\/em>\u00bb, selon la source s\u00e9curitaire.<\/p>\n\n\n\n<p>En 2022, 807 personnes avaient \u00e9t\u00e9 interpell\u00e9es \u00e0 la suite des incidents survenus dans tout le pays en marge des festivit\u00e9s du 14-Juillet, 749 v\u00e9hicules br\u00fbl\u00e9s et 55 membres des forces de l&rsquo;ordre bless\u00e9s, a rappel\u00e9 le ministre.<\/p>\n\n\n\n<h2 class=\"wp-block-heading\"><\/h2>\n\n\n\n<figure class=\"wp-block-embed is-type-rich is-provider-twitter wp-block-embed-twitter\"><div class=\"wp-block-embed__wrapper\">\n<blockquote class=\"twitter-tweet\" data-width=\"550\" data-dnt=\"true\"><p lang=\"fr\" dir=\"ltr\">Cette ann\u00e9e, la F\u00eate nationale se d\u00e9roulera dans le contexte particulier des violences urbaines que notre pays a connues il y a quelques jours. C\u2019est pourquoi nous renfor\u00e7ons notre dispositif avec des mesures d\u2019anticipation, des effectifs renforc\u00e9s et des moyens technologiques\u2026<\/p>&mdash; G\u00e9rald DARMANIN (@GDarmanin) <a href=\"https:\/\/twitter.com\/GDarmanin\/status\/1679124585487187973?ref_src=twsrc%5Etfw\">July 12, 2023<\/a><\/blockquote><script async src=\"https:\/\/platform.twitter.com\/widgets.js\" charset=\"utf-8\"><\/script>\n<\/div><\/figure>\n\n\n\n<p>Festivit\u00e9s annul\u00e9es<\/p>\n\n\n\n<p>Des villes ont d\u2019ores et d\u00e9j\u00e0 annonc\u00e9 qu\u2019il n\u2019y aurait pas les traditionnels feux d\u2019artifices le 13 ou 14 &nbsp;juillet. C&rsquo;est le cas dans&nbsp;plusieurs communes d&rsquo;\u00cele-de-France, comme \u00e0 Nanterre, Gennevilliers, Sartrouville ou \u00e0 Savigny-sur-Orges.<\/p>\n\n\n\n<p>Certaines villes vont m\u00eame jusqu\u2019\u00e0 annuler la totalit\u00e9 des \u00e9v\u00e9nements, comme les bals populaires, les guinguettes et autres animations nocturnes. C\u2019est le choix qu&rsquo;a fait la municipalit\u00e9 de Montargis, dans le Loiret, o\u00f9 cette d\u00e9cision est consid\u00e9r\u00e9e comme une mesure de pr\u00e9caution pour \u00e9viter de nouvelles tensions, mais aussi et surtout par respect pour ceux qui ont tout perdu dans les incendies d\u2019il y a deux semaines.<\/p>\n\n\n\n<p>Au Blanc-Mesnil, en Seine-Saint-Denis, la mairie a d\u00e9cid\u00e9 d&rsquo;annuler les festivit\u00e9s du 14-Juillet pour que les \u00e9conomies servent \u00e0 \u00ab&nbsp;<em>r\u00e9parer les d\u00e9g\u00e2ts commis par les \u00e9meutiers<\/em>&nbsp;\u00bb. Une d\u00e9ception pour les habitants qui ne pourront pas profiter de Beach Mesnil, l&rsquo;\u00e9quivalent de Paris Plage.&nbsp;<\/p>\n","protected":false},"excerpt":{"rendered":"<p>Craignant de voir les traditionnels d\u00e9bordements \u00eatre amplifi\u00e9s par les \u00e9meutes urbaines qui ont \u00e9maill\u00e9 le pays suite \u00e0 la<\/p>\n","protected":false},"author":1,"featured_media":16414,"comment_status":"open","ping_status":"open","sticky":false,"template":"","format":"standard","meta":{"footnotes":""},"categories":[51],"tags":[],"class_list":["post-16413","post","type-post","status-publish","format-standard","has-post-thumbnail","hentry","category-general"],"_links":{"self":[{"href":"https:\/\/dekkbi.com\/index.php?rest_route=\/wp\/v2\/posts\/16413","targetHints":{"allow":["GET"]}}],"collection":[{"href":"https:\/\/dekkbi.com\/index.php?rest_route=\/wp\/v2\/posts"}],"about":[{"href":"https:\/\/dekkbi.com\/index.php?rest_route=\/wp\/v2\/types\/post"}],"author":[{"embeddable":true,"href":"https:\/\/dekkbi.com\/index.php?rest_route=\/wp\/v2\/users\/1"}],"replies":[{"embeddable":true,"href":"https:\/\/dekkbi.com\/index.php?rest_route=%2Fwp%2Fv2%2Fcomments&post=16413"}],"version-history":[{"count":4,"href":"https:\/\/dekkbi.com\/index.php?rest_route=\/wp\/v2\/posts\/16413\/revisions"}],"predecessor-version":[{"id":16475,"href":"https:\/\/dekkbi.com\/index.php?rest_route=\/wp\/v2\/posts\/16413\/revisions\/16475"}],"wp:featuredmedia":[{"embeddable":true,"href":"https:\/\/dekkbi.com\/index.php?rest_route=\/wp\/v2\/media\/16414"}],"wp:attachment":[{"href":"https:\/\/dekkbi.com\/index.php?rest_route=%2Fwp%2Fv2%2Fmedia&parent=16413"}],"wp:term":[{"taxonomy":"category","embeddable":true,"href":"https:\/\/dekkbi.com\/index.php?rest_route=%2Fwp%2Fv2%2Fcategories&post=16413"},{"taxonomy":"post_tag","embeddable":true,"href":"https:\/\/dekkbi.com\/index.php?rest_route=%2Fwp%2Fv2%2Ftags&post=16413"}],"curies":[{"name":"wp","href":"https:\/\/api.w.org\/{rel}","templated":true}]}}