{"id":16407,"date":"2023-07-13T09:50:21","date_gmt":"2023-07-13T09:50:21","guid":{"rendered":"https:\/\/dekkbi.com\/?p=16407"},"modified":"2023-07-13T11:17:08","modified_gmt":"2023-07-13T11:17:08","slug":"conf-presse-a-six-mois-du-debut-du-tournoi-la-cote-divoire-prete-pour-la-plus-belle-can-de-lhistoire","status":"publish","type":"post","link":"https:\/\/dekkbi.com\/?p=16407","title":{"rendered":"Can 2024: A six mois du tournoi : La C\u00f4te d\u2019Ivoire \u00abpr\u00eate\u00bb pour \u00abla plus belle Can de l\u2019histoire\u00bb"},"content":{"rendered":"\n<p><strong>Six mois, jour pour jour, avant le d\u00e9but de la Can 2024, les autorit\u00e9s sportives ivoiriennes et de la Caf ont communiqu\u00e9, ce mardi, sur l\u2019\u00e9tat d\u2019avancement de l\u2019organisation. Le pays se dit \u00abpr\u00eat\u00bb \u00e0 accueillir \u00abla plus belle Can de l\u2019histoire\u00bb.<\/strong><\/p>\n\n\n\n<p>C\u2019est dans l\u2019enceinte du nouveau Stade olympique Alassane Ouattara d\u2019Ebimp\u00e9 que la task-force de l\u2019organisation de la 34e Can s\u2019est r\u00e9unie pour d\u00e9livrer un message de satisfaction et d\u2019optimisme, \u00e0 185 jours du match d\u2019ouverture. Il y avait au micro Paulin Claude Danho, ministre ivoirien des Sports, Fran\u00e7ois Amichia, le pr\u00e9sident du Cocan, Idriss Diallo, pr\u00e9sident de la F\u00e9d\u00e9ration ivoirienne de football (Fif), et Samson Adamo, le directeur de la comp\u00e9tition de la Conf\u00e9d\u00e9ration africaine de football.<\/p>\n\n\n\n<p>\u00abLa C\u00f4te d\u2019Ivoire est pr\u00eate\u00bb a \u00e9t\u00e9 certainement la phrase la plus r\u00e9p\u00e9t\u00e9e et le sentiment le mieux partag\u00e9 par les quatre acteurs de la conf\u00e9rence de presse de mardi. \u00abLe pays est pr\u00eat, les autorit\u00e9s ont mis les petits plats dans les grands et nous sommes pr\u00eats \u00e0 affronter les d\u00e9fis, a martel\u00e9 Idriss Diallo, le pr\u00e9sident de la Fif. Les gens se posent des questions parce qu\u2019ils ne voient pas, mais nous ne voulions pas communiquer auparavant parce que ce n\u2019\u00e9tait pas n\u00e9cessaire.\u00bb<\/p>\n\n\n\n<p><strong>Le tirage sort de la Can 2024 se fera le 12 octobre<\/strong><br>Dans la salle du stade, consid\u00e9r\u00e9e comme \u00able joyau architectural des infrastructures sportives\u00bb, le ministre des Sports ivoirien a fait ce qu\u2019un clip promotionnel projet\u00e9 plus t\u00f4t avait d\u00e9j\u00e0 commenc\u00e9 \u00e0 vendre. \u00abLes six stades qui vont accueillir la comp\u00e9tition sont d\u00e9sormais aux normes internationales gr\u00e2ce \u00e0 une r\u00e9novation profonde ou une r\u00e9fection pour renforcer le niveau qualitatif\u00bb, a ainsi d\u00e9clar\u00e9 Paulin Claude Danho.<\/p>\n\n\n\n<p>\u00abOn m\u2019aurait dit \u00e7a il y a cinq ans, j\u2019aurais eu du mal \u00e0 le croire\u00bb, a avou\u00e9 de son c\u00f4t\u00e9 Samson Adamo, qui \u00e9voque sa premi\u00e8re visite d\u2019inspection en 2018 en C\u00f4te d\u2019Ivoire.<\/p>\n\n\n\n<p>Le ministre a \u00e9galement assur\u00e9 que la C\u00f4te d\u2019Ivoire r\u00e9pondrait \u00e0 la probl\u00e9matique d\u2019h\u00e9bergement.<\/p>\n\n\n\n<p>Au-del\u00e0 des installations h\u00f4teli\u00e8res existantes ou nouvellement cr\u00e9\u00e9es, des \u00abcit\u00e9s Can de 32 villas de cinq pi\u00e8ces chacune vont \u00eatre ou ont \u00e9t\u00e9 \u00e9rig\u00e9es dans des villes comme Korogho\u00bb.<\/p>\n\n\n\n<p>La pr\u00e9occupation du volet s\u00e9curitaire, mat\u00e9rialis\u00e9e par la pr\u00e9sence dans la salle du G\u00e9n\u00e9ral Youssouf Kouyat\u00e9, n\u2019est pas non plus en reste. Cette Can, qui va co\u00fbter entre 170 et 200 milliards de francs Cfa, va mobiliser pr\u00e8s de 40 000 \u00abb\u00e9n\u00e9voles et volontaires\u00bb. L\u2019ambition est de \u00abfaire la plus belle Can de l\u2019histoire. La Can de l\u2019hospitalit\u00e9\u00bb, confiait le pr\u00e9sident du Cocan, qui a d\u00e9voil\u00e9, par la m\u00eame occasion, la date du tirage au sort de la Can 2024 : le 12 octobre prochain.<\/p>\n\n\n\n<p>Le d\u00e9fi est immense et la C\u00f4te d\u2019Ivoire a encore quelques petits \u00abd\u00e9tails\u00bb \u00e0 corriger ou r\u00e9gler d\u2019ici au 13 janvier. Comme le d\u00e9sengorgement de la route qui va d\u2019Abidjan \u00e0 Ebimp\u00e9 o\u00f9 aura lieu le match d\u2019ouverture et la finale. Il a fallu plus d\u2019une heure, en effet, sous escorte polici\u00e8re, pour rallier les deux villes\u2026<\/p>\n\n\n\n<p><br><strong>Avec Rfi.fr<\/strong><\/p>\n\n\n\n<p><\/p>\n","protected":false},"excerpt":{"rendered":"<p>Six mois, jour pour jour, avant le d\u00e9but de la Can 2024, les autorit\u00e9s sportives ivoiriennes et de la Caf<\/p>\n","protected":false},"author":1,"featured_media":16408,"comment_status":"open","ping_status":"open","sticky":false,"template":"","format":"standard","meta":{"footnotes":""},"categories":[9],"tags":[],"class_list":["post-16407","post","type-post","status-publish","format-standard","has-post-thumbnail","hentry","category-sports"],"_links":{"self":[{"href":"https:\/\/dekkbi.com\/index.php?rest_route=\/wp\/v2\/posts\/16407","targetHints":{"allow":["GET"]}}],"collection":[{"href":"https:\/\/dekkbi.com\/index.php?rest_route=\/wp\/v2\/posts"}],"about":[{"href":"https:\/\/dekkbi.com\/index.php?rest_route=\/wp\/v2\/types\/post"}],"author":[{"embeddable":true,"href":"https:\/\/dekkbi.com\/index.php?rest_route=\/wp\/v2\/users\/1"}],"replies":[{"embeddable":true,"href":"https:\/\/dekkbi.com\/index.php?rest_route=%2Fwp%2Fv2%2Fcomments&post=16407"}],"version-history":[{"count":3,"href":"https:\/\/dekkbi.com\/index.php?rest_route=\/wp\/v2\/posts\/16407\/revisions"}],"predecessor-version":[{"id":16451,"href":"https:\/\/dekkbi.com\/index.php?rest_route=\/wp\/v2\/posts\/16407\/revisions\/16451"}],"wp:featuredmedia":[{"embeddable":true,"href":"https:\/\/dekkbi.com\/index.php?rest_route=\/wp\/v2\/media\/16408"}],"wp:attachment":[{"href":"https:\/\/dekkbi.com\/index.php?rest_route=%2Fwp%2Fv2%2Fmedia&parent=16407"}],"wp:term":[{"taxonomy":"category","embeddable":true,"href":"https:\/\/dekkbi.com\/index.php?rest_route=%2Fwp%2Fv2%2Fcategories&post=16407"},{"taxonomy":"post_tag","embeddable":true,"href":"https:\/\/dekkbi.com\/index.php?rest_route=%2Fwp%2Fv2%2Ftags&post=16407"}],"curies":[{"name":"wp","href":"https:\/\/api.w.org\/{rel}","templated":true}]}}