{"id":16396,"date":"2023-07-13T09:37:29","date_gmt":"2023-07-13T09:37:29","guid":{"rendered":"https:\/\/dekkbi.com\/?p=16396"},"modified":"2023-07-13T09:37:30","modified_gmt":"2023-07-13T09:37:30","slug":"apres-les-mises-en-garde-de-letat-france-24-baisse-le-ton","status":"publish","type":"post","link":"https:\/\/dekkbi.com\/?p=16396","title":{"rendered":"Apr\u00e8s les mises en garde de l\u2019\u00c9tat: France 24 baisse le ton"},"content":{"rendered":"\n<p><strong>France 24 ne fait pas un traitement tendancieux de l\u2019actualit\u00e9 au S\u00e9n\u00e9gal. Vanessa Burggraf a voulu le prouver en rappelant au ministre de la Communication, les sujets trait\u00e9s sur le S\u00e9n\u00e9gal depuis d\u00e9but juin. Pour elle, la cha\u00eene fran\u00e7aise n\u2019a pas de parti pris et reste ouverte \u00e0 tous les acteurs politiques du pays.&nbsp;<\/strong><\/p>\n\n\n\n<p><strong>Par Malick GAYE \u2013\u00a0<\/strong>France 24 fait un traitement tendancieux\u00a0de l\u2019actualit\u00e9 au S\u00e9n\u00e9gal. C\u2019est une affirmation \u00e0 laquelle Vanessa Burggraf, la directrice de la cha\u00eene de t\u00e9l\u00e9vision fran\u00e7aise, ne souhaite pas associer le m\u00e9dia qu\u2019elle dirige. Dans une lettre dont le ton est tout \u00e0 la retenue, et adress\u00e9e \u00e0 Moussa Bocar Thiam, et r\u00e9pondant \u00e0 la derni\u00e8re sortie de ce dernier, elle a expliqu\u00e9 le proc\u00e9d\u00e9 de la cha\u00eene de t\u00e9l\u00e9vision. \u00abEn ce qui concerne la couverture de la garde \u00e0 vue du d\u00e9put\u00e9 Birame Soul\u00e8ye Diop, nous avons diffus\u00e9 dans le journal de l\u2019Afrique du jeudi 6 juillet un plateau tr\u00e8s factuel de notre correspondante \u00e0 Dakar, Sarah Sakho. Dans son sujet, Sarah Sakho affirme d\u2019embl\u00e9e que \u00abBirame Soul\u00e8ye Diop est poursuivi pour diffamation commise par un membre de l\u2019Assembl\u00e9e nationale contre un chef d\u2019Etat \u00e9tranger de nature \u00e0 saper les relations diplomatiques de l\u2019Etat, ainsi que pour discr\u00e9dit d\u2019une institution de la R\u00e9publique\u00bb. Les termes de notre correspondante sont sans \u00e9quivoque. Elle reprend mot \u00e0 mot les termes du Parquet\u00bb, a-t-elle dit. Avant de pr\u00e9ciser que France 24 a diffus\u00e9 les propos de Birame Soul\u00e8ye Diop et dans la foul\u00e9e, les excuses qui ont suivi.<\/p>\n\n\n\n<p>Pour autant, elle reconna\u00eet que \u00able bandeau sur le fil d\u2019actualit\u00e9 \u00abUn opposant s\u00e9n\u00e9galais en garde \u00e0 vue pour avoir mis en doute les intentions de Macky Sall\u00bb \u00e9tait certes incomplet (nous avons repris les agences de presse comme de nombreux autres m\u00e9dias), mais ne traduit en aucun cas une quelconque couverture tendancieuse de cette actualit\u00e9. Il n\u2019y avait rien d\u2019intentionnel, je tiens \u00e0 vous en assurer\u00bb. Dans la m\u00eame logique, Vanessa Burggraf est revenue sur l\u2019\u00e9mission Les Observateurs qui avait enqu\u00eat\u00e9 sur les vid\u00e9os diffus\u00e9es par la police pour expliquer la pr\u00e9sence de personnes arm\u00e9es lors des \u00e9meutes de d\u00e9but juin. \u00abLa r\u00e9daction des Observateurs, saisie de vid\u00e9os circulant sur les r\u00e9seaux sociaux par des observateurs s\u00e9n\u00e9galais, a sollicit\u00e9 une r\u00e9action du gouvernement \u00e0 cette enqu\u00eate. Le porte-parole du minist\u00e8re de l\u2019Int\u00e9rieur s\u00e9n\u00e9galais, Maham Ka, a d\u00e9clar\u00e9&nbsp;: \u00abCe qui est important pour nous, c\u2019est que la parole de la police est une parole v\u00e9ridique.\u00bb \u2026 Ces propos ont \u00e9t\u00e9 cit\u00e9s dans le sujet r\u00e9alis\u00e9\u00bb, a-t-elle relat\u00e9. Par cons\u00e9quent, la directrice de France 24 assure que la cha\u00eene veille \u00e0 une couverture \u00e9quilibr\u00e9e et impartiale.<\/p>\n\n\n\n<p>Elle en veut pour preuve la diffusion sur l\u2019antenne francophone le lundi 3 juillet, dans son int\u00e9gralit\u00e9, le discours \u00e0 la Nation du Pr\u00e9sident Macky Sall. Le d\u00e9bat organis\u00e9 le lendemain, selon Vanessa Burggraf, a suivi les m\u00eames r\u00e8gles, avec la pr\u00e9sence du porte-parole du gouvernement, Abdou Karim Fofana, et le repr\u00e9sentant du parti Pastef France, Alioune Sall. \u00abNous sollicitons tous les acteurs de la vie politique s\u00e9n\u00e9galaise dans un souci de respect du pluralisme et de l\u2019\u00e9quit\u00e9. Nous avons \u00e9videmment fait une demande officielle pour recevoir le Pr\u00e9sident Macky Sall\u00bb, a-t-elle ajout\u00e9. Il ressort de la correspondance de la responsable de la cha\u00eene publique fran\u00e7aise que les autorit\u00e9s de ce pays ne tiennent pas \u00e0 se mettre \u00e0 dos les autorit\u00e9s s\u00e9n\u00e9galaises. Sans doute essaient-elles d\u2019\u00e9viter que se r\u00e9\u00e9ditent les m\u00e9saventures qui leur sont arriv\u00e9es au Burkina et au Mali, o\u00f9 la cha\u00eene a \u00e9t\u00e9 interdite de diffusion et ses reporters expuls\u00e9s\u00a0? D\u2019autant plus que le gouvernement de Macky Sall semble s\u2019\u00eatre fait \u00e0 l\u2019id\u00e9e que le classement du pays par Reporters Sans Fronti\u00e8res n\u2019ira qu\u2019en empirant pour un bon moment encore\u2026<\/p>\n\n\n\n<p><br><strong>mgaye@lequotidien.sn<\/strong><\/p>\n","protected":false},"excerpt":{"rendered":"<p>France 24 ne fait pas un traitement tendancieux de l\u2019actualit\u00e9 au S\u00e9n\u00e9gal. Vanessa Burggraf a voulu le prouver en rappelant<\/p>\n","protected":false},"author":1,"featured_media":16397,"comment_status":"open","ping_status":"open","sticky":false,"template":"","format":"standard","meta":{"footnotes":""},"categories":[6],"tags":[],"class_list":["post-16396","post","type-post","status-publish","format-standard","has-post-thumbnail","hentry","category-politics"],"_links":{"self":[{"href":"https:\/\/dekkbi.com\/index.php?rest_route=\/wp\/v2\/posts\/16396","targetHints":{"allow":["GET"]}}],"collection":[{"href":"https:\/\/dekkbi.com\/index.php?rest_route=\/wp\/v2\/posts"}],"about":[{"href":"https:\/\/dekkbi.com\/index.php?rest_route=\/wp\/v2\/types\/post"}],"author":[{"embeddable":true,"href":"https:\/\/dekkbi.com\/index.php?rest_route=\/wp\/v2\/users\/1"}],"replies":[{"embeddable":true,"href":"https:\/\/dekkbi.com\/index.php?rest_route=%2Fwp%2Fv2%2Fcomments&post=16396"}],"version-history":[{"count":1,"href":"https:\/\/dekkbi.com\/index.php?rest_route=\/wp\/v2\/posts\/16396\/revisions"}],"predecessor-version":[{"id":16398,"href":"https:\/\/dekkbi.com\/index.php?rest_route=\/wp\/v2\/posts\/16396\/revisions\/16398"}],"wp:featuredmedia":[{"embeddable":true,"href":"https:\/\/dekkbi.com\/index.php?rest_route=\/wp\/v2\/media\/16397"}],"wp:attachment":[{"href":"https:\/\/dekkbi.com\/index.php?rest_route=%2Fwp%2Fv2%2Fmedia&parent=16396"}],"wp:term":[{"taxonomy":"category","embeddable":true,"href":"https:\/\/dekkbi.com\/index.php?rest_route=%2Fwp%2Fv2%2Fcategories&post=16396"},{"taxonomy":"post_tag","embeddable":true,"href":"https:\/\/dekkbi.com\/index.php?rest_route=%2Fwp%2Fv2%2Ftags&post=16396"}],"curies":[{"name":"wp","href":"https:\/\/api.w.org\/{rel}","templated":true}]}}