{"id":16372,"date":"2023-07-12T15:43:31","date_gmt":"2023-07-12T15:43:31","guid":{"rendered":"https:\/\/dekkbi.com\/?p=16372"},"modified":"2023-07-12T15:43:32","modified_gmt":"2023-07-12T15:43:32","slug":"france-le-ministere-des-affaires-etrangeres-porte-plainte-contre-branco","status":"publish","type":"post","link":"https:\/\/dekkbi.com\/?p=16372","title":{"rendered":"France : le minist\u00e8re des Affaires \u00e9trang\u00e8res porte plainte contre Branco"},"content":{"rendered":"\n<p><strong>Dans un document adress\u00e9 \u00e0 la b\u00e2tonni\u00e8re de Paris, qu\u2019Europe 1 a pu consulter, le minist\u00e8re de l\u2019Europe et des Affaires \u00e9trang\u00e8res indique signaler les agissements de l\u2019avocat et activiste politique Juan Branco aupr\u00e8s du procureur de la R\u00e9publique, lui reprochant d\u2019avoir mis en danger des fonctionnaires fran\u00e7ais au S\u00e9n\u00e9gal.<\/strong><\/p>\n\n\n\n<p>\u00c0 la suite des r\u00e9pressions des manifestations contre l\u2019incarc\u00e9ration de l\u2019opposant s\u00e9n\u00e9galais Ousmane Sonko, son avocat, Juan Branco, annonce porter plainte pour crime contre l\u2019humanit\u00e9, lors d\u2019une conf\u00e9rence de presse le 22 juin. Il accuse sp\u00e9cifiquement, en les citant par leur nom, deux coop\u00e9rants fran\u00e7ais. Il communique ensuite les donn\u00e9es personnelles de l\u2019un d\u2019entre eux, comme son num\u00e9ro de t\u00e9l\u00e9phone ou son matricule, et cite le nom de cinq autres agents.<br>Le minist\u00e8re des Affaires \u00e9trang\u00e8res demande que l\u2019avocat soit rappel\u00e9 \u00e0 l\u2019ordre\u00a0Par ailleurs, dans deux tweets publi\u00e9s quelques jours plus t\u00f4t, les 11 et 13 juin, l\u2019avocat d\u00e9nonce arbitrairement une implication de ces deux coop\u00e9rants fran\u00e7ais dans les violences au S\u00e9n\u00e9gal, qu\u2019il qualifie de crimes contre l\u2019humanit\u00e9. Il appelle alors \u00e0 r\u00e9v\u00e9ler leur identit\u00e9, puis dans un second tweet, annonce avoir identifi\u00e9 tous les militaires fran\u00e7ais int\u00e9gr\u00e9s au commandement de la gendarmerie s\u00e9n\u00e9galaise, soulignant un pr\u00e9tendu r\u00f4le de la France dans la r\u00e9pression des violences.<\/p>\n\n\n\n<p>Selon les informations d&rsquo;Europe 1, le minist\u00e8re de l&rsquo;Europe et des Affaires \u00e9trang\u00e8res demande que l\u2019avocat soit rappel\u00e9 \u00e0 l\u2019ordre. Le minist\u00e8re a d\u00e9clar\u00e9 porter plainte en application de l\u2019article 40 (ndlr : l\u2019article selon lequel tout autorit\u00e9 ou fonctionnaire est contraint de signaler un crime ou un d\u00e9lit dont il a la connaissance).<\/p>\n\n\n\n<p><strong>D\u00e9j\u00e0 au c\u0153ur de plusieurs pol\u00e9miques<\/strong><br>L\u2019avocat et activiste politique, class\u00e9 \u00e0 l\u2019extr\u00eame-gauche et mis en examen pour viol en 2021, a d\u00e9j\u00e0 \u00e9t\u00e9 au c\u0153ur de plusieurs pol\u00e9miques : il a notamment \u00e9t\u00e9 accus\u00e9 d\u2019avoir particip\u00e9 \u00e0 la diffusion de la vid\u00e9o de Benjamin Griveaux pour provoquer sa chute en tant qu\u2019avocat de Piotr Pavlenski. Il a \u00e9galement \u00e9t\u00e9 accus\u00e9 d\u2019une tentative de d\u00e9fense de Salah Abdeslam, apr\u00e8s une lettre dat\u00e9e d\u2019octobre 2016, dans laquelle il lui sugg\u00e9rait de \u00ab\u00a0cong\u00e9dier ses conseils\u00a0\u00bb, et lui donnait plusieurs recommandations pour sa d\u00e9fense.<\/p>\n\n\n\n<p><strong>Un d\u00e9lit de mise en danger de la personne<\/strong><br>La situation au S\u00e9n\u00e9gal demeurant extr\u00eamement tendue, les deux agents fran\u00e7ais, dont l\u2019identit\u00e9 est d\u00e9sormais connue, ne sont plus en s\u00e9curit\u00e9 et sont directement expos\u00e9s \u00e0 toute forme de repr\u00e9sailles. Les faits de d\u00e9nonciation de Juan Branco peuvent caract\u00e9riser un d\u00e9lit de mise en danger de la personne pr\u00e9vu par l\u2019article 223-1-1 du Code p\u00e9nal qui a \u00e9t\u00e9 cr\u00e9\u00e9 apr\u00e8s l\u2019affaire Paty.\u00a0<br>Le texte fut adopt\u00e9 dans la loi du 24 ao\u00fbt 2021 \u00ab\u00a0confortant le respect des principes de la R\u00e9publique\u00a0\u00bb. Il dicte que \u00ab\u00a0le fait de r\u00e9v\u00e9ler, de diffuser ou de transmettre, par quelques moyens que ce soit, des informations relatives \u00e0 la vie priv\u00e9e, familiale ou professionnelle d&rsquo;une personne, permettant de l&rsquo;identifier ou de la localiser, aux fins de l&rsquo;exposer ou d&rsquo;exposer les membres de sa famille \u00e0 un risque direct d&rsquo;atteinte \u00e0 la personne ou aux biens que l&rsquo;auteur ne pouvait ignorer est puni de trois ans d&#8217;emprisonnement et de 45.000 euros d&rsquo;amende\u00a0\u00bb.<\/p>\n\n\n\n<p>Source &#8211; seneweb<\/p>\n","protected":false},"excerpt":{"rendered":"<p>Dans un document adress\u00e9 \u00e0 la b\u00e2tonni\u00e8re de Paris, qu\u2019Europe 1 a pu consulter, le minist\u00e8re de l\u2019Europe et des<\/p>\n","protected":false},"author":1,"featured_media":16373,"comment_status":"open","ping_status":"open","sticky":false,"template":"","format":"standard","meta":{"footnotes":""},"categories":[21],"tags":[],"class_list":["post-16372","post","type-post","status-publish","format-standard","has-post-thumbnail","hentry","category-societe"],"_links":{"self":[{"href":"https:\/\/dekkbi.com\/index.php?rest_route=\/wp\/v2\/posts\/16372","targetHints":{"allow":["GET"]}}],"collection":[{"href":"https:\/\/dekkbi.com\/index.php?rest_route=\/wp\/v2\/posts"}],"about":[{"href":"https:\/\/dekkbi.com\/index.php?rest_route=\/wp\/v2\/types\/post"}],"author":[{"embeddable":true,"href":"https:\/\/dekkbi.com\/index.php?rest_route=\/wp\/v2\/users\/1"}],"replies":[{"embeddable":true,"href":"https:\/\/dekkbi.com\/index.php?rest_route=%2Fwp%2Fv2%2Fcomments&post=16372"}],"version-history":[{"count":1,"href":"https:\/\/dekkbi.com\/index.php?rest_route=\/wp\/v2\/posts\/16372\/revisions"}],"predecessor-version":[{"id":16374,"href":"https:\/\/dekkbi.com\/index.php?rest_route=\/wp\/v2\/posts\/16372\/revisions\/16374"}],"wp:featuredmedia":[{"embeddable":true,"href":"https:\/\/dekkbi.com\/index.php?rest_route=\/wp\/v2\/media\/16373"}],"wp:attachment":[{"href":"https:\/\/dekkbi.com\/index.php?rest_route=%2Fwp%2Fv2%2Fmedia&parent=16372"}],"wp:term":[{"taxonomy":"category","embeddable":true,"href":"https:\/\/dekkbi.com\/index.php?rest_route=%2Fwp%2Fv2%2Fcategories&post=16372"},{"taxonomy":"post_tag","embeddable":true,"href":"https:\/\/dekkbi.com\/index.php?rest_route=%2Fwp%2Fv2%2Ftags&post=16372"}],"curies":[{"name":"wp","href":"https:\/\/api.w.org\/{rel}","templated":true}]}}