{"id":16364,"date":"2023-07-12T14:45:20","date_gmt":"2023-07-12T14:45:20","guid":{"rendered":"https:\/\/dekkbi.com\/?p=16364"},"modified":"2023-07-12T14:45:20","modified_gmt":"2023-07-12T14:45:20","slug":"dauphin-de-macky-sall-une-election-ne-se-gagne-pas-en-6-mois-souleymane-jules-diop","status":"publish","type":"post","link":"https:\/\/dekkbi.com\/?p=16364","title":{"rendered":"Dauphin de Macky Sall : \u00abUne \u00e9lection ne se gagne pas en 6 mois\u00bb, Souleymane Jules Diop"},"content":{"rendered":"\n<p>Depuis l\u2019annonce du pr\u00e9sident Macky Sall de ne pas se pr\u00e9senter \u00e0 la Pr\u00e9sidentielle du 25 f\u00e9vrier 2024, la question que tout le monde se pose est : qui sera le dauphin du chef de l&rsquo;\u00c9tat ?\u00a0<br>Des noms circulent, dont ceux d&rsquo;Amadou Ba (PM), Abdoulaye Daouda Diallo (CESE), voire Aly Ngouille Ndiaye (ministre de l&rsquo;Agriculture). Le point commun entre ces trois est qu\u2019ils sont tous de l\u2019Alliance pour la R\u00e9publique (APR). Chacun de ces profils a \u00e9t\u00e9 analys\u00e9 par Souleymane Jules Diop.\u00a0<br>\u00abChacun a ses forces et ses faiblesses. Abdoulaye Daouda Diallo, je le connais depuis plus de 20 ans. C\u2019est un provincial, aust\u00e8re. Il ne parle pas beaucoup, mais c\u2019est un brillant cadre avec une rigueur extraordinaire. Mais ce n\u2019est pas ce qui fait d\u2019une personne un bon candidat. Amadou (Ba) est un Dakarois. Il a ses r\u00e9seaux connus et cach\u00e9s, ses amis. Il est tr\u00e8s ouvert. Aly Ngouille Ndiaye est un brillant technicien, brillant polytechnicien, brillant banquier, brillant homme d\u2019affaires. Toutes ses entreprises ont \u00e9t\u00e9 couronn\u00e9es de succ\u00e8s. Il a en plus une base politique. Et beaucoup d\u2019entre eux ne l\u2019ont pas. Seulement, il appara\u00eet comme quelqu\u2019un qui n\u2019est pas trop sociable. Je ne le vois pas rendre visite aux gens, alors qu\u2019il aurait pu le faire\u00bb.\u00a0Malgr\u00e9 ce potentiel au sein de l\u2019APR, Souleymane Jules Diop consid\u00e8re \u00abqu\u2019une \u00e9lection ne se pr\u00e9pare pas en six mois\u00bb.\u00a0<br>D\u2019un autre c\u00f4t\u00e9, il est d&rsquo;avis qu\u2019on \u00abdevrait aussi pr\u00eater attention \u00e0 Idrissa Seck qui \u00e9tait deuxi\u00e8me \u00e0 la derni\u00e8re \u00e9lection pr\u00e9sidentielle\u00bb,\u00a0 avec le potentiel qu\u2019il a.\u00a0<br>Tout de m\u00eame, Souleymane Jules Diop consid\u00e8re que celui qui sera soutenu par le pr\u00e9sident Macky Sall aura de grandes chances de gagner la Pr\u00e9sidentielle. \u00abL\u2019\u00e9lectorat du pr\u00e9sident diminue au fur et \u00e0 mesure. Cette diminution est d\u2019habitude de 10 %. Donc, on peut supposer que si Macky Sall allait aux \u00e9lections, il aura au moins 48 %. Il est fort probable que le gagnant soit celui qu\u2019il va soutenir\u00bb.\u00a0<br>L\u2019ancien directeur des S\u00e9n\u00e9galais de l\u2019ext\u00e9rieur estime que le fait \u00abd\u2019attaquer avant pouvait rapporter quelque chose. Mais maintenant, la personne qui l\u2019attaque risque de voir les S\u00e9n\u00e9galais se retourner contre elle\u00bb.\u00a0<\/p>\n\n\n\n<p>Source &#8211; seneweb<\/p>\n","protected":false},"excerpt":{"rendered":"<p>Depuis l\u2019annonce du pr\u00e9sident Macky Sall de ne pas se pr\u00e9senter \u00e0 la Pr\u00e9sidentielle du 25 f\u00e9vrier 2024, la question<\/p>\n","protected":false},"author":1,"featured_media":7179,"comment_status":"open","ping_status":"open","sticky":false,"template":"","format":"standard","meta":{"footnotes":""},"categories":[6],"tags":[],"class_list":["post-16364","post","type-post","status-publish","format-standard","has-post-thumbnail","hentry","category-politics"],"_links":{"self":[{"href":"https:\/\/dekkbi.com\/index.php?rest_route=\/wp\/v2\/posts\/16364","targetHints":{"allow":["GET"]}}],"collection":[{"href":"https:\/\/dekkbi.com\/index.php?rest_route=\/wp\/v2\/posts"}],"about":[{"href":"https:\/\/dekkbi.com\/index.php?rest_route=\/wp\/v2\/types\/post"}],"author":[{"embeddable":true,"href":"https:\/\/dekkbi.com\/index.php?rest_route=\/wp\/v2\/users\/1"}],"replies":[{"embeddable":true,"href":"https:\/\/dekkbi.com\/index.php?rest_route=%2Fwp%2Fv2%2Fcomments&post=16364"}],"version-history":[{"count":1,"href":"https:\/\/dekkbi.com\/index.php?rest_route=\/wp\/v2\/posts\/16364\/revisions"}],"predecessor-version":[{"id":16365,"href":"https:\/\/dekkbi.com\/index.php?rest_route=\/wp\/v2\/posts\/16364\/revisions\/16365"}],"wp:featuredmedia":[{"embeddable":true,"href":"https:\/\/dekkbi.com\/index.php?rest_route=\/wp\/v2\/media\/7179"}],"wp:attachment":[{"href":"https:\/\/dekkbi.com\/index.php?rest_route=%2Fwp%2Fv2%2Fmedia&parent=16364"}],"wp:term":[{"taxonomy":"category","embeddable":true,"href":"https:\/\/dekkbi.com\/index.php?rest_route=%2Fwp%2Fv2%2Fcategories&post=16364"},{"taxonomy":"post_tag","embeddable":true,"href":"https:\/\/dekkbi.com\/index.php?rest_route=%2Fwp%2Fv2%2Ftags&post=16364"}],"curies":[{"name":"wp","href":"https:\/\/api.w.org\/{rel}","templated":true}]}}