{"id":16361,"date":"2023-07-12T14:19:33","date_gmt":"2023-07-12T14:19:33","guid":{"rendered":"https:\/\/dekkbi.com\/?p=16361"},"modified":"2023-07-12T14:19:33","modified_gmt":"2023-07-12T14:19:33","slug":"mouvement-dhumeur-lintersyndicale-des-travailleurs-du-secteur-primaire-en-greve-generale-les-13-et-14-juillet","status":"publish","type":"post","link":"https:\/\/dekkbi.com\/?p=16361","title":{"rendered":"Mouvement d&rsquo;humeur : L\u2019Intersyndicale des travailleurs du secteur primaire en gr\u00e8ve g\u00e9n\u00e9rale les 13 et 14 juillet"},"content":{"rendered":"\n<p>Apr\u00e8s l\u2019avertissement au gouvernement lors du point de presse tenu le 6 juillet, l&rsquo;Intersyndicale des travailleurs du secteur primaire passe \u00e0 l\u2019acte. Le Syndicat national des techniciens de la p\u00eache, de l\u2019agriculture et de l\u2019\u00e9levage d\u00e9cr\u00e8te 48 heures de gr\u00e8ve g\u00e9n\u00e9rale, du jeudi 13 au vendredi 14 juillet 2023, \u00e0 partir de 8 h. Un mouvement d\u2019humeur qui se justifie, selon le communiqu\u00e9 parvenu \u00e0 Seneweb, par le silence de l\u2019\u00c9tat face \u00e0 leurs revendications.<\/p>\n\n\n\n<p>\u00abL\u2019Intersyndicale des travailleurs du secteur primaire avait annonc\u00e9, lors de son point de presse, tenu le jeudi 6 juillet 2023, la possibilit\u00e9 de d\u00e9clencher une gr\u00e8ve d\u2019avertissement de 48 heures\u00bb.<br>Cependant, poursuivent les syndicalistes, \u00abapr\u00e8s une semaine donn\u00e9e \u00e0 l&rsquo;\u00c9tat du S\u00e9n\u00e9gal sans r\u00e9action, nous avons d\u00e9cid\u00e9 de faire une cessation d\u2019activit\u00e9s des travailleurs du secteur primaire sur toute l\u2019\u00e9tendue du territoire national, \u00e0 compter du jeudi 13 juillet et vendredi 14 juillet 2023 \u00e0 partir de 8 h\u00bb, lit-on dans la note.<br>En effet, informe l\u2019Intersyndicale, \u00abcette gr\u00e8ve g\u00e9n\u00e9rale de 48 heures non renouvelable a pour objet de pousser le gouvernement, en l&rsquo;occurrence le minist\u00e8re de la Fonction publique, \u00e0 la reprise des travaux pour la mise en place des fonds communs du secteur primaire\u00bb.<br>Ce mouvement d&rsquo;humeur va g\u00e9n\u00e9rer des cons\u00e9quences comme la suspension de la d\u00e9livrance des bons de carburant hors-bord ; le boycott du contr\u00f4le des op\u00e9rations de mise en place des engrais et semences horticoles subventionn\u00e9s, le boycott de la campagne de constitution des fourrages ; l\u2019arr\u00eat de soins sanitaires des animaux ; la r\u00e9tention des informations administratives ; le boycott des examens et concours des centres de formation techniques ; l\u2019arr\u00eat syst\u00e9matique des traitements phytosanitaires par les services de la Direction de la Protection des v\u00e9g\u00e9taux (DPV), entre autres.<\/p>\n\n\n\n<p>Source &#8211; seneweb<\/p>\n","protected":false},"excerpt":{"rendered":"<p>Apr\u00e8s l\u2019avertissement au gouvernement lors du point de presse tenu le 6 juillet, l&rsquo;Intersyndicale des travailleurs du secteur primaire passe<\/p>\n","protected":false},"author":1,"featured_media":16362,"comment_status":"open","ping_status":"open","sticky":false,"template":"","format":"standard","meta":{"footnotes":""},"categories":[21],"tags":[],"class_list":["post-16361","post","type-post","status-publish","format-standard","has-post-thumbnail","hentry","category-societe"],"_links":{"self":[{"href":"https:\/\/dekkbi.com\/index.php?rest_route=\/wp\/v2\/posts\/16361","targetHints":{"allow":["GET"]}}],"collection":[{"href":"https:\/\/dekkbi.com\/index.php?rest_route=\/wp\/v2\/posts"}],"about":[{"href":"https:\/\/dekkbi.com\/index.php?rest_route=\/wp\/v2\/types\/post"}],"author":[{"embeddable":true,"href":"https:\/\/dekkbi.com\/index.php?rest_route=\/wp\/v2\/users\/1"}],"replies":[{"embeddable":true,"href":"https:\/\/dekkbi.com\/index.php?rest_route=%2Fwp%2Fv2%2Fcomments&post=16361"}],"version-history":[{"count":1,"href":"https:\/\/dekkbi.com\/index.php?rest_route=\/wp\/v2\/posts\/16361\/revisions"}],"predecessor-version":[{"id":16363,"href":"https:\/\/dekkbi.com\/index.php?rest_route=\/wp\/v2\/posts\/16361\/revisions\/16363"}],"wp:featuredmedia":[{"embeddable":true,"href":"https:\/\/dekkbi.com\/index.php?rest_route=\/wp\/v2\/media\/16362"}],"wp:attachment":[{"href":"https:\/\/dekkbi.com\/index.php?rest_route=%2Fwp%2Fv2%2Fmedia&parent=16361"}],"wp:term":[{"taxonomy":"category","embeddable":true,"href":"https:\/\/dekkbi.com\/index.php?rest_route=%2Fwp%2Fv2%2Fcategories&post=16361"},{"taxonomy":"post_tag","embeddable":true,"href":"https:\/\/dekkbi.com\/index.php?rest_route=%2Fwp%2Fv2%2Ftags&post=16361"}],"curies":[{"name":"wp","href":"https:\/\/api.w.org\/{rel}","templated":true}]}}