{"id":16302,"date":"2023-07-12T10:02:33","date_gmt":"2023-07-12T10:02:33","guid":{"rendered":"https:\/\/dekkbi.com\/?p=16302"},"modified":"2023-07-12T10:02:33","modified_gmt":"2023-07-12T10:02:33","slug":"candidature-de-idrissa-seck-la-plateforme-idy-president-2024-appelle-macky-sall-a-etre-reconnaissant","status":"publish","type":"post","link":"https:\/\/dekkbi.com\/?p=16302","title":{"rendered":"Candidature de Idrissa Seck : la plateforme Idy Pr\u00e9sident 2024 appelle Macky Sall \u00e0 \u00eatre reconnaissant"},"content":{"rendered":"\n<p><strong>Le soutien de Macky Sall et du peuple \u00e0 la candidature de Idrissa Seck devrait \u00eatre un devoir de reconnaissance d&rsquo;apr\u00e8s la plateforme \u00ab\u00a0Idy Pr\u00e9sident 2024\u00a0\u00bb. Dans un communiqu\u00e9 sign\u00e9 par son coordinateur Souleymane Ciss, la plateforme rappelle au pr\u00e9sident Macky Sall la posture de leur leader au moment du dialogue et au peuple s\u00e9n\u00e9galais, les postes occup\u00e9s par Idrissa Seck pour servir le pays. Ils estiment donc qu&rsquo;il est temps que Macky Sall et le peuple s\u00e9n\u00e9galais rendent \u00e0 Idrissa Seck la monnaie de sa pi\u00e8ce.\u00a0<\/strong><br>Lisez l&rsquo;int\u00e9gralit\u00e9 du communiqu\u00e9\u00a0<br>La Plateforme Idy Pr\u00e9sident 2024 invite le Pr\u00e9sident Macky Sall et le peuple \u00e0 rendre la monnaie \u00e0 Idrissa Seck<br>La renonciation salutaire \u00e0 briguer un troisi\u00e8me mandat en 2024 par le Pr\u00e9sident de la R\u00e9publique ouvre le champ \u00e0 de nombreuses sp\u00e9culations quant \u00e0 sa succession. Parmi les potentiels successeurs, Monsieur Idrissa Seck retient particuli\u00e8rement les attentions. Par son d\u00e9vouement \u00e0 la cause nationale, il avait accept\u00e9 la main tendue du Chef de l&rsquo;\u00c9tat et ainsi le soutenir sans faille dans les moments les plus d\u00e9licats de son r\u00e9gime. Point besoin d&rsquo;insister sur les raisons de cette alliance dict\u00e9e par le contexte de la pand\u00e9mie du covid19 et de la guerre en Ukraine ainsi que sur leurs cons\u00e9quences.<br>Il est \u00e9vident qu&rsquo;il \u00e9tait plus facile pour le Chef de l&rsquo;opposition capitalisant plus de 20% des suffrages exprim\u00e9s, de verser dans le populisme, exploiter ces situations impr\u00e9visibles, inou\u00efes et manifestement effrayantes, manipuler les masses, insinuer et distiller des messages de violences et de diabolisation contre le r\u00e9gime du Pr\u00e9sident Macky Sall. Et ainsi plus tard, tirer les dividendes politiques. Pour reprendre ses propres mots, le S\u00e9n\u00e9gal aurait pu conna\u00eetre l&rsquo;instabilit\u00e9, le terrorisme et le djihadisme \u00e0 l&rsquo;image du Mali, de la Guin\u00e9e et du Burkina Faso. Mais le Pr\u00e9sident Idrissa Seck, par clairvoyance d&rsquo;un homme d&rsquo;\u00c9tat chevronn\u00e9, a fait le choix d\u2019\u00e9viter de faire courir ce risque \u00e0 son pays connu et respect\u00e9 partout pour sa d\u00e9mocratie exceptionnelle. Ce choix de concorde nationale dans l&rsquo;optique d&rsquo;une meilleure gestion de la crise n\u00e9e de ce contexte n\u00e9faste est le fruit du patriotisme de haut niveau. Cette haute conscience de l&rsquo;\u00c9tat a sans doute contribu\u00e9 fort opportun\u00e9ment \u00e0 pr\u00e9server un S\u00e9n\u00e9gal souverain et respect\u00e9, un S\u00e9n\u00e9gal o\u00f9 le pouvoir s&rsquo;obtient par les urnes et non par les armes ou la perte inutile en vies humaines.<br>C&rsquo;est pourquoi au moment de la passation du flambeau, il appara\u00eet comme une \u00e9vidence que la reconnaissance du peuple et particuli\u00e8rement celle du Pr\u00e9sident Macky Sall devraient se traduire par le soutien \u00e0 sa candidature, celle de la r\u00e9conciliation et du d\u00e9veloppement. Il s&rsquo;agirait l\u00e0 d&rsquo;un renvoi de l&rsquo;ascenseur absolument m\u00e9rit\u00e9 envers quelqu&rsquo;un qui a su mettre ses ambitions au service de l&rsquo;int\u00e9r\u00eat vital de la nation en faisant preuve de sacrifice de soi au moment o\u00f9 la nation en avait le plus besoin.<br>Eu \u00e9gard de tout cela, la Plateforme Idy Pr\u00e9sident 2024 en appelle \u00e0 la reconnaissance du peuple s\u00e9n\u00e9galais envers le Pr\u00e9sident Idrissa Seck par un soutien massif \u00e0 sa candidature. Celle de celui qui a d\u00e9j\u00e0 montr\u00e9 ses comp\u00e9tences au c\u0153ur de la R\u00e9publique en ses qualit\u00e9s de Ministre du Commerce, de l&rsquo;Artisanat et de l&rsquo;Industrialisation, Ministre d&rsquo;\u00c9tat Directeur de cabinet du Pr\u00e9sident de la R\u00e9publique, Premier ministre et Pr\u00e9sident du Conseil \u00e9conomique, social et environnemental.<br>Le Coordonnateur, Souleymane Ciss<\/p>\n\n\n\n<p>Source &#8211; seneweb<\/p>\n","protected":false},"excerpt":{"rendered":"<p>Le soutien de Macky Sall et du peuple \u00e0 la candidature de Idrissa Seck devrait \u00eatre un devoir de reconnaissance<\/p>\n","protected":false},"author":1,"featured_media":16305,"comment_status":"open","ping_status":"open","sticky":false,"template":"","format":"standard","meta":{"footnotes":""},"categories":[6],"tags":[],"class_list":["post-16302","post","type-post","status-publish","format-standard","has-post-thumbnail","hentry","category-politics"],"_links":{"self":[{"href":"https:\/\/dekkbi.com\/index.php?rest_route=\/wp\/v2\/posts\/16302","targetHints":{"allow":["GET"]}}],"collection":[{"href":"https:\/\/dekkbi.com\/index.php?rest_route=\/wp\/v2\/posts"}],"about":[{"href":"https:\/\/dekkbi.com\/index.php?rest_route=\/wp\/v2\/types\/post"}],"author":[{"embeddable":true,"href":"https:\/\/dekkbi.com\/index.php?rest_route=\/wp\/v2\/users\/1"}],"replies":[{"embeddable":true,"href":"https:\/\/dekkbi.com\/index.php?rest_route=%2Fwp%2Fv2%2Fcomments&post=16302"}],"version-history":[{"count":1,"href":"https:\/\/dekkbi.com\/index.php?rest_route=\/wp\/v2\/posts\/16302\/revisions"}],"predecessor-version":[{"id":16306,"href":"https:\/\/dekkbi.com\/index.php?rest_route=\/wp\/v2\/posts\/16302\/revisions\/16306"}],"wp:featuredmedia":[{"embeddable":true,"href":"https:\/\/dekkbi.com\/index.php?rest_route=\/wp\/v2\/media\/16305"}],"wp:attachment":[{"href":"https:\/\/dekkbi.com\/index.php?rest_route=%2Fwp%2Fv2%2Fmedia&parent=16302"}],"wp:term":[{"taxonomy":"category","embeddable":true,"href":"https:\/\/dekkbi.com\/index.php?rest_route=%2Fwp%2Fv2%2Fcategories&post=16302"},{"taxonomy":"post_tag","embeddable":true,"href":"https:\/\/dekkbi.com\/index.php?rest_route=%2Fwp%2Fv2%2Ftags&post=16302"}],"curies":[{"name":"wp","href":"https:\/\/api.w.org\/{rel}","templated":true}]}}