{"id":16217,"date":"2023-07-11T12:51:30","date_gmt":"2023-07-11T12:51:30","guid":{"rendered":"https:\/\/dekkbi.com\/?p=16217"},"modified":"2023-07-11T12:51:30","modified_gmt":"2023-07-11T12:51:30","slug":"snapchat-admet-avoir-bidonne-la-snap-map-pendant-les-emeutes","status":"publish","type":"post","link":"https:\/\/dekkbi.com\/?p=16217","title":{"rendered":"Snapchat admet avoir bidonn\u00e9 la Snap Map pendant les \u00e9meutes"},"content":{"rendered":"\n<p><strong>Une cadre de Snapchat a expliqu\u00e9 que la branche fran\u00e7aise du r\u00e9seau social a trafiqu\u00e9 la Snap Map pour ne plus faire appara\u00eetre de contenu consacr\u00e9 aux troubles, en ne publiant que les photos et vid\u00e9os critiques envers les \u00e9meutiers.<\/strong><\/p>\n\n\n\n<p>La sc\u00e8ne se d\u00e9roule \u00e0 l&rsquo;Assembl\u00e9e nationale, le lundi 10&nbsp;juillet. Auditionn\u00e9e, Sarah Bouchahoua, responsable des affaires publiques de Snapchat en France, a fait une troublante confidence aux quelques parlementaires pr\u00e9sents pour l&rsquo;\u00e9couter. Elle a affirm\u00e9 que Snapchat a travaill\u00e9 main dans la main avec le minist\u00e8re de l&rsquo;Int\u00e9rieur afin de ne plus laisser appara\u00eetre, sur la Snap Map, que des photos et vid\u00e9os critiques envers les \u00e9meutes et les \u00e9meutiers.<\/p>\n\n\n\n<p><em>\u00ab\u00a0Nous avons travaill\u00e9 conjointement avec le minist\u00e8re de l&rsquo;Int\u00e9rieur et diff\u00e9rentes autorit\u00e9s afin d&rsquo;essayer d&rsquo;endiguer le plus rapidement possible les diff\u00e9rents d\u00e9rapages qu&rsquo;on a pu apercevoir sur le terrain<\/em>\u00a0[&#8230;]\u00a0<em>et pour le coup, l&rsquo;ensemble des stories publi\u00e9es sur la map, c&rsquo;\u00e9tait vraiment des utilisateurs de Snapchat, \u00e0 la fin, qui se plaignaient des \u00e9meutes et des cons\u00e9quences des \u00e9meutes<\/em>, a affirm\u00e9 Sarah Bouchahoua.\u00a0<em>Nous sommes fiers d&rsquo;avoir pu participer et collaborer entre le priv\u00e9 et le public afin de prot\u00e9ger nos utilisateurs le plus rapidement possible\u00a0\u00bb<\/em>.<\/p>\n\n\n\n<figure class=\"wp-block-embed is-type-rich is-provider-twitter wp-block-embed-twitter\"><div class=\"wp-block-embed__wrapper\">\n<blockquote class=\"twitter-tweet\" data-width=\"550\" data-dnt=\"true\"><p lang=\"fr\" dir=\"ltr\">Entendue hier \u00e0 l&#39;Assembl\u00e9e nationale, une repr\u00e9sentante de Snapchat a expliqu\u00e9 que, gr\u00e2ce \u00e0 leur travail de mod\u00e9ration, dans les derniers jours des \u00e9meutes, \u201cl&#39;ensemble des stories publi\u00e9es sur la map, c&#39;\u00e9taient des utilisateurs qui se plaignaient des \u00e9meutes\u201d. <a href=\"https:\/\/t.co\/MVDDCv43rG\">pic.twitter.com\/MVDDCv43rG<\/a><\/p>&mdash; Alexandre L\u00e9chenet (@alphoenix) <a href=\"https:\/\/twitter.com\/alphoenix\/status\/1678659834286157825?ref_src=twsrc%5Etfw\">July 11, 2023<\/a><\/blockquote><script async src=\"https:\/\/platform.twitter.com\/widgets.js\" charset=\"utf-8\"><\/script>\n<\/div><\/figure>\n\n\n\n<p>Pour rappel, la Snap Map est une carte interactive qui permet d&rsquo;acc\u00e9der \u00e0 la position de nos contacts en temps r\u00e9el mais aussi de visionner le contenu publi\u00e9 publiquement par des utilisateurs lambda en fonction du lieu o\u00f9 ils se trouvent. L&rsquo;outil \u2014&nbsp;et plus largement les r\u00e9seaux sociaux&nbsp;\u2014 avait \u00e9t\u00e9 point\u00e9 du doigt par le gouvernement, qui l&rsquo;accusait d&rsquo;avoir amplifi\u00e9 l&rsquo;\u00e9cho des troubles cons\u00e9cutifs \u00e0 la mort du jeune Nahel. Emmanuel Macron avait m\u00eame \u00e9voqu\u00e9 la possibilit\u00e9 de&nbsp;<em>\u00ab\u00a0couper les r\u00e9seaux sociaux\u00a0\u00bb<\/em>.<\/p>\n\n\n\n<p>Quoi qu&rsquo;il en soit, ces aveux ont de quoi surprendre. D&rsquo;autant plus quand on sait que Sarah Bouchahoua, avant de devenir responsable des affaires publiques de Snapchat, \u00e9tait collaboratrice parlementaire et en charge de la feu loi Avia sur la r\u00e9gulation du num\u00e9rique.<\/p>\n\n\n\n<p>Source &#8211; lesnum\u00e9riques<\/p>\n","protected":false},"excerpt":{"rendered":"<p>Une cadre de Snapchat a expliqu\u00e9 que la branche fran\u00e7aise du r\u00e9seau social a trafiqu\u00e9 la Snap Map pour ne<\/p>\n","protected":false},"author":1,"featured_media":16220,"comment_status":"open","ping_status":"open","sticky":false,"template":"","format":"standard","meta":{"footnotes":""},"categories":[46],"tags":[],"class_list":["post-16217","post","type-post","status-publish","format-standard","has-post-thumbnail","hentry","category-technology"],"_links":{"self":[{"href":"https:\/\/dekkbi.com\/index.php?rest_route=\/wp\/v2\/posts\/16217","targetHints":{"allow":["GET"]}}],"collection":[{"href":"https:\/\/dekkbi.com\/index.php?rest_route=\/wp\/v2\/posts"}],"about":[{"href":"https:\/\/dekkbi.com\/index.php?rest_route=\/wp\/v2\/types\/post"}],"author":[{"embeddable":true,"href":"https:\/\/dekkbi.com\/index.php?rest_route=\/wp\/v2\/users\/1"}],"replies":[{"embeddable":true,"href":"https:\/\/dekkbi.com\/index.php?rest_route=%2Fwp%2Fv2%2Fcomments&post=16217"}],"version-history":[{"count":1,"href":"https:\/\/dekkbi.com\/index.php?rest_route=\/wp\/v2\/posts\/16217\/revisions"}],"predecessor-version":[{"id":16221,"href":"https:\/\/dekkbi.com\/index.php?rest_route=\/wp\/v2\/posts\/16217\/revisions\/16221"}],"wp:featuredmedia":[{"embeddable":true,"href":"https:\/\/dekkbi.com\/index.php?rest_route=\/wp\/v2\/media\/16220"}],"wp:attachment":[{"href":"https:\/\/dekkbi.com\/index.php?rest_route=%2Fwp%2Fv2%2Fmedia&parent=16217"}],"wp:term":[{"taxonomy":"category","embeddable":true,"href":"https:\/\/dekkbi.com\/index.php?rest_route=%2Fwp%2Fv2%2Fcategories&post=16217"},{"taxonomy":"post_tag","embeddable":true,"href":"https:\/\/dekkbi.com\/index.php?rest_route=%2Fwp%2Fv2%2Ftags&post=16217"}],"curies":[{"name":"wp","href":"https:\/\/api.w.org\/{rel}","templated":true}]}}