{"id":16180,"date":"2023-07-11T11:13:57","date_gmt":"2023-07-11T11:13:57","guid":{"rendered":"https:\/\/dekkbi.com\/?p=16180"},"modified":"2023-07-11T11:14:31","modified_gmt":"2023-07-11T11:14:31","slug":"forum-de-la-pme-senegalaise-la-3eme-edition-prevue-du-13-au-15-juillet-2023","status":"publish","type":"post","link":"https:\/\/dekkbi.com\/?p=16180","title":{"rendered":"Forum de la Pme s\u00e9n\u00e9galaise : La 3\u00e8me \u00e9dition pr\u00e9vue du 13 au 15 juillet 2023"},"content":{"rendered":"\n<p><strong>Les 13, 14 et 15 juillet 2023 se tiendra la 3\u00e8me \u00e9dition du Forum de la Pme s\u00e9n\u00e9galaise organis\u00e9e par l&rsquo;Adpme (Agence de d\u00e9veloppement et d&rsquo;encadrement des Pme).<\/strong><\/p>\n\n\n\n<p>Selon un communiqu\u00e9 de presse, cet \u00e9v\u00e8nement sera l\u2019occasion de rencontrer l\u2019ensemble des acteurs intervenant dans l&rsquo;\u00e9cosyst\u00e8me financier et technique d\u2019appui aux micro, petites et moyennes entreprises (Mpme).\u00a0<\/p>\n\n\n\n<p>\u00abL\u2019objectif de la 3\u00e8me \u00e9dition du forum est de construire&nbsp;les conditions d\u2019un&nbsp;financement massif et s\u00e9curis\u00e9 des Pme&nbsp;\u00e0 travers le lancement du Guichet unique d\u2019acc\u00e8s au financement (Guf-Pme)&nbsp;\u00bb, informe la m\u00eame source.&nbsp;<\/p>\n\n\n\n<p>Le lancement officiel du Guf-Pme sera pr\u00e9sid\u00e9 par Amadou Ba, Premier ministre du S\u00e9n\u00e9gal. Il est pr\u00e9vu&nbsp;une s\u00e9rie d\u2019ateliers de haut niveau anim\u00e9s par des experts de renomm\u00e9e pour am\u00e9liorer notre compr\u00e9hension des diff\u00e9rents instruments et m\u00e9canismes de financement des Pme ; \u00b7&nbsp;un salon du financement \u00e0 travers une expo pour les diff\u00e9rents instruments de financement (banques, Sfd, Fonds d\u2019investissement, etc.) ; \u00b7&nbsp;les journ\u00e9es du conseil avec des \u00e9changes en B2B entre consultant et PME sur diff\u00e9rentes probl\u00e9matiques de gestion d\u2019entreprise dont le financement. Il y aura \u00e9galement un Conseil pr\u00e9sidentiel portant sur les conclusions des \u00abConcertations nationales sur le financement des Pme&nbsp;\u00bb.<\/p>\n\n\n\n<p>Le Forum de la Pme s\u00e9n\u00e9galaise est un rendez-vous majeur pour les acteurs du secteur priv\u00e9 et les institutions financi\u00e8res. Il offre aux participants une occasion unique de rencontrer des chefs d&rsquo;entreprise, des experts, des repr\u00e9sentants d&rsquo;institutions financi\u00e8res et des acteurs cl\u00e9s de l&rsquo;\u00e9cosyst\u00e8me entrepreneurial. Gr\u00e2ce \u00e0 une s\u00e9rie d&rsquo;ateliers th\u00e9matiques, de conf\u00e9rences et de sessions de networking, les participants auront l&rsquo;opportunit\u00e9 d&rsquo;\u00e9changer des id\u00e9es, de d\u00e9velopper leurs comp\u00e9tences, de d\u00e9couvrir de nouvelles opportunit\u00e9s d&rsquo;affaires et de nouer des partenariats strat\u00e9giques.<br><br>Source &#8211; <strong>Adou Faye\u00a0<\/strong>&#8211; lejecos<\/p>\n","protected":false},"excerpt":{"rendered":"<p>Les 13, 14 et 15 juillet 2023 se tiendra la 3\u00e8me \u00e9dition du Forum de la Pme s\u00e9n\u00e9galaise organis\u00e9e par<\/p>\n","protected":false},"author":1,"featured_media":16184,"comment_status":"open","ping_status":"open","sticky":false,"template":"","format":"standard","meta":{"footnotes":""},"categories":[3],"tags":[],"class_list":["post-16180","post","type-post","status-publish","format-standard","has-post-thumbnail","hentry","category-event-more-news"],"_links":{"self":[{"href":"https:\/\/dekkbi.com\/index.php?rest_route=\/wp\/v2\/posts\/16180","targetHints":{"allow":["GET"]}}],"collection":[{"href":"https:\/\/dekkbi.com\/index.php?rest_route=\/wp\/v2\/posts"}],"about":[{"href":"https:\/\/dekkbi.com\/index.php?rest_route=\/wp\/v2\/types\/post"}],"author":[{"embeddable":true,"href":"https:\/\/dekkbi.com\/index.php?rest_route=\/wp\/v2\/users\/1"}],"replies":[{"embeddable":true,"href":"https:\/\/dekkbi.com\/index.php?rest_route=%2Fwp%2Fv2%2Fcomments&post=16180"}],"version-history":[{"count":2,"href":"https:\/\/dekkbi.com\/index.php?rest_route=\/wp\/v2\/posts\/16180\/revisions"}],"predecessor-version":[{"id":16186,"href":"https:\/\/dekkbi.com\/index.php?rest_route=\/wp\/v2\/posts\/16180\/revisions\/16186"}],"wp:featuredmedia":[{"embeddable":true,"href":"https:\/\/dekkbi.com\/index.php?rest_route=\/wp\/v2\/media\/16184"}],"wp:attachment":[{"href":"https:\/\/dekkbi.com\/index.php?rest_route=%2Fwp%2Fv2%2Fmedia&parent=16180"}],"wp:term":[{"taxonomy":"category","embeddable":true,"href":"https:\/\/dekkbi.com\/index.php?rest_route=%2Fwp%2Fv2%2Fcategories&post=16180"},{"taxonomy":"post_tag","embeddable":true,"href":"https:\/\/dekkbi.com\/index.php?rest_route=%2Fwp%2Fv2%2Ftags&post=16180"}],"curies":[{"name":"wp","href":"https:\/\/api.w.org\/{rel}","templated":true}]}}