{"id":16175,"date":"2023-07-11T11:07:17","date_gmt":"2023-07-11T11:07:17","guid":{"rendered":"https:\/\/dekkbi.com\/?p=16175"},"modified":"2023-07-11T11:07:19","modified_gmt":"2023-07-11T11:07:19","slug":"lanthropocene-va-avoir-son-site-emblematique-mais-reste-loin-detre-officialisee","status":"publish","type":"post","link":"https:\/\/dekkbi.com\/?p=16175","title":{"rendered":"L&rsquo;Anthropoc\u00e8ne va avoir son site embl\u00e9matique mais reste loin d&rsquo;\u00eatre officialis\u00e9e"},"content":{"rendered":"\n<p>L&#8217;empreinte irr\u00e9versible de l&rsquo;humanit\u00e9 sur la Terre est-elle plus nette dans les s\u00e9diments d&rsquo;une baie du Japon, la boue d&rsquo;un crat\u00e8re en Chine, celle d&rsquo;un lac canadien ou dans une carotte glaciaire? Des scientifiques d\u00e9voilent mardi leur choix du site de r\u00e9f\u00e9rence de l&rsquo;Anthropoc\u00e8ne, \u00e9tape indispensable pour esp\u00e9rer officialiser un jour cette nouvelle \u00e9poque g\u00e9ologique.<\/p>\n\n\n\n<p>L&rsquo;annonce du site qui incarnera le mieux l&rsquo;av\u00e8nement de l&rsquo;Anthropoc\u00e8ne, cette \u00ab\u00a0\u00e9poque de l&rsquo;Humain\u00a0\u00bb encore loin d&rsquo;\u00eatre approuv\u00e9e par la plus haute instance de la g\u00e9ologie mondiale, est pr\u00e9vue \u00e0 19H00 lors de conf\u00e9rences scientifiques \u00e0 Lille et \u00e0 Berlin.<\/p>\n\n\n\n<p>Elle ponctuera, sans la conclure, une aventure lanc\u00e9e en 2002 par Paul Crutzen, prix Nobel de chimie qui a le premier propos\u00e9 d&rsquo;acter la fin de l&rsquo;Holoc\u00e8ne et le d\u00e9but d&rsquo;une nouvelle \u00e9poque d\u00e9clench\u00e9e par l&rsquo;humanit\u00e9.<\/p>\n\n\n\n<p>Les 4,6 milliards d&rsquo;ann\u00e9es de l&rsquo;histoire de la Terre sont m\u00e9thodiquement divis\u00e9es en \u00e8res, p\u00e9riodes, \u00e9poques et \u00e2ges g\u00e9ologiques, une frise que les \u00e9tudiants apprennent et qu&rsquo;\u00e9labore la Commission internationale de stratigraphie (ICS); nous sommes actuellement dans l&rsquo;\u00e8re C\u00e9nozo\u00efque, p\u00e9riode Quaternaire, \u00e9poque Holoc\u00e8ne.<\/p>\n\n\n\n<p>C&rsquo;est cette commission qui a confi\u00e9 \u00e0 un groupe de travail la t\u00e2che de r\u00e9pondre, de facto, \u00e0 ces grandes questions.<\/p>\n\n\n\n<p>Si dans un million d&rsquo;ann\u00e9es, des extraterrestres passaient au crible les roches et s\u00e9diments de la Terre, y discerneraient-ils une trace humaine assez significative pour en d\u00e9duire qu&rsquo;une fronti\u00e8re g\u00e9ologique a \u00e9t\u00e9 franchie? Si oui, \u00e0 quel moment et \u00e0 quel(s) endroit(s) sur Terre en retrouve-t-on les preuves les plus claires?<\/p>\n\n\n\n<h2 class=\"wp-block-heading\">Gardiens de la Charte<\/h2>\n\n\n\n<figure class=\"wp-block-image\"><img decoding=\"async\" src=\"https:\/\/information.tv5monde.com\/sites\/tv5-info\/files\/styles\/entete\/public\/2023-07\/field_media_image-2726659-46d7e627fca0fcefe3e57db406c70ce899a34697.jpg?itok=YXIheToB\" alt=\"La Terre est-elle entr\u00e9e dans l\u2019\u00e2ge des humains ?\" title=\"La Terre est-elle entr\u00e9e dans l\u2019\u00e2ge des humains ?\"\/><\/figure>\n\n\n\n<p>Graphique montrant l&rsquo;histoire de la Terre, avec les changements biologiques et plan\u00e9taires majeurs et les p\u00e9riodes d&rsquo;extinctions massives, alors que les scientifiques poussent \u00e0 la reconnaissance d&rsquo;une nouvelle \u00e9poque g\u00e9ologique, l&rsquo;Anthropoc\u00e8ne, celle o\u00f9 les activit\u00e9s humaines ont de telles r\u00e9percussions qu&rsquo;elles bouleversent les \u00e9cosyst\u00e8mes<\/p>\n\n\n\n<p>AFP<\/p>\n\n\n\n<p>Emmanuelle BAILLON, Sylvie HUSSON<\/p>\n\n\n\n<p>A la premi\u00e8re interrogation, la r\u00e9ponse du groupe est sans ambigu\u00eft\u00e9: oui, les humains ont fait sortir la plan\u00e8te de l&rsquo;Holoc\u00e8ne, d\u00e9but\u00e9e il y a 11.700 ans apr\u00e8s plusieurs cycles glaciaires.<\/p>\n\n\n\n<p>Les traces de l&rsquo;activit\u00e9 humaine &#8211; microplastiques, polluants chimiques \u00e9ternels, esp\u00e8ces invasives, gaz \u00e0 effet de serre &#8230; &#8211; sont partout, du sommet des montagnes aux fonds des oc\u00e9ans, et les d\u00e9sordres qu&rsquo;elles engendrent sont nombreux &#8211; changement climatique, pollution, perte de biodiversit\u00e9 &#8211; au point de rompre les \u00e9quilibres naturels du globe.<\/p>\n\n\n\n<p>Pour ce groupe, le point de bascule se situe au milieu du XXe si\u00e8cle, lorsque les indicateurs de l&rsquo;influence humaine dans les s\u00e9diments ont connu une hausse vertigineuse, d\u00e9sign\u00e9e par les scientifiques comme la \u00ab\u00a0Grande acc\u00e9l\u00e9ration\u00a0\u00bb.<\/p>\n\n\n\n<p>Reste une incertitude de taille: ces travaux seront-ils valid\u00e9s par l&rsquo;ICS, puis au-dessus par les gardiens de l&rsquo;Union internationale des sciences g\u00e9ologiques (IUGS), r\u00e9put\u00e9s intransigeants sur les modifications de la Charte chronostratigraphique internationale?<\/p>\n\n\n\n<p>De l&rsquo;avis g\u00e9n\u00e9ral, ce sera tr\u00e8s difficile. Des g\u00e9ologues de renom estiment que les crit\u00e8res ne sont pas remplis pour qualifier l&rsquo;Anthropoc\u00e8ne de nouvelle \u00ab\u00a0\u00e9poque\u00a0\u00bb, m\u00eame s&rsquo;ils reconnaissent qu&rsquo;une rupture s&rsquo;est produite au si\u00e8cle dernier.<\/p>\n\n\n\n<h2 class=\"wp-block-heading\">\u00ab\u00a0Bien r\u00e9el\u00a0\u00bb<\/h2>\n\n\n\n<p>Le terme \u00ab\u00a0\u00e9v\u00e9nement g\u00e9ologique\u00a0\u00bb serait plus appropri\u00e9, estime ainsi Phil Gibbard, secr\u00e9taire de l&rsquo;ICS.<\/p>\n\n\n\n<p>\u00ab\u00a0Les conditions qui ont provoqu\u00e9 les glaciations\u00a0\u00bb &#8212; une douzaine de cycles glaciaires au cours du dernier million d&rsquo;ann\u00e9es &#8212; \u00ab\u00a0n&rsquo;ont pas chang\u00e9, on peut donc s&rsquo;attendre \u00e0 ce que l&rsquo;Holoc\u00e8ne ne soit qu&rsquo;un autre interglaciaire\u00a0\u00bb, soulignait-il en 2022.<\/p>\n\n\n\n<p>Toutefois, arguent les partisans de l&rsquo;Anthropoc\u00e8ne, pour la premi\u00e8re fois une esp\u00e8ce a non seulement radicalement chang\u00e9 la morphologie, la chimie et la biologie de la Terre, mais est consciente de l&rsquo;avoir fait.<\/p>\n\n\n\n<p>Nommer l&rsquo;\u00e9poque permettrait de focaliser l&rsquo;humanit\u00e9 sur les d\u00e9fis futurs et d\u00e9clencher ce que Paul Crutzen appelait un \u00ab\u00a0changement de paradigme dans la pens\u00e9e scientifique\u00a0\u00bb.<\/p>\n\n\n\n<p>Pour Jan Zalasiewicz, le pr\u00e9sident du groupe de travail, ne pas reconna\u00eetre l&rsquo;Anthropoc\u00e8ne laisserait l&rsquo;impression que les conditions de l&rsquo;Holoc\u00e8ne, qui ont permis \u00e0 l&rsquo;humanit\u00e9 de s&rsquo;\u00e9panouir, sont toujours l\u00e0.<\/p>\n\n\n\n<p>Or, \u00ab\u00a0il est clair que ce n&rsquo;est pas le cas\u00a0\u00bb, a-t-il d\u00e9clar\u00e9 \u00e0 l&rsquo;AFP. \u00ab\u00a0La science consiste \u00e0 \u00e9tablir ce qui est r\u00e9el et ce qui ne l&rsquo;est pas. Et l&rsquo;Anthropoc\u00e8ne est bien r\u00e9el\u00a0\u00bb.<\/p>\n","protected":false},"excerpt":{"rendered":"<p>L&#8217;empreinte irr\u00e9versible de l&rsquo;humanit\u00e9 sur la Terre est-elle plus nette dans les s\u00e9diments d&rsquo;une baie du Japon, la boue d&rsquo;un<\/p>\n","protected":false},"author":1,"featured_media":16176,"comment_status":"open","ping_status":"open","sticky":false,"template":"","format":"standard","meta":{"footnotes":""},"categories":[5],"tags":[],"class_list":["post-16175","post","type-post","status-publish","format-standard","has-post-thumbnail","hentry","category-technologie"],"_links":{"self":[{"href":"https:\/\/dekkbi.com\/index.php?rest_route=\/wp\/v2\/posts\/16175","targetHints":{"allow":["GET"]}}],"collection":[{"href":"https:\/\/dekkbi.com\/index.php?rest_route=\/wp\/v2\/posts"}],"about":[{"href":"https:\/\/dekkbi.com\/index.php?rest_route=\/wp\/v2\/types\/post"}],"author":[{"embeddable":true,"href":"https:\/\/dekkbi.com\/index.php?rest_route=\/wp\/v2\/users\/1"}],"replies":[{"embeddable":true,"href":"https:\/\/dekkbi.com\/index.php?rest_route=%2Fwp%2Fv2%2Fcomments&post=16175"}],"version-history":[{"count":1,"href":"https:\/\/dekkbi.com\/index.php?rest_route=\/wp\/v2\/posts\/16175\/revisions"}],"predecessor-version":[{"id":16177,"href":"https:\/\/dekkbi.com\/index.php?rest_route=\/wp\/v2\/posts\/16175\/revisions\/16177"}],"wp:featuredmedia":[{"embeddable":true,"href":"https:\/\/dekkbi.com\/index.php?rest_route=\/wp\/v2\/media\/16176"}],"wp:attachment":[{"href":"https:\/\/dekkbi.com\/index.php?rest_route=%2Fwp%2Fv2%2Fmedia&parent=16175"}],"wp:term":[{"taxonomy":"category","embeddable":true,"href":"https:\/\/dekkbi.com\/index.php?rest_route=%2Fwp%2Fv2%2Fcategories&post=16175"},{"taxonomy":"post_tag","embeddable":true,"href":"https:\/\/dekkbi.com\/index.php?rest_route=%2Fwp%2Fv2%2Ftags&post=16175"}],"curies":[{"name":"wp","href":"https:\/\/api.w.org\/{rel}","templated":true}]}}