{"id":16119,"date":"2023-07-11T09:55:26","date_gmt":"2023-07-11T09:55:26","guid":{"rendered":"https:\/\/dekkbi.com\/?p=16119"},"modified":"2023-07-11T09:55:27","modified_gmt":"2023-07-11T09:55:27","slug":"choix-du-candidat-le-pacte-signe-entre-macky-sall-amadou-ba-et-abdoulaye-daouda-diallo","status":"publish","type":"post","link":"https:\/\/dekkbi.com\/?p=16119","title":{"rendered":"Choix du candidat : Le pacte sign\u00e9 entre Macky Sall, Amadou Ba et Abdoulaye Daouda Diallo"},"content":{"rendered":"\n<p>Une s\u00e9quence qui n\u2019est pas pass\u00e9e inaper\u00e7ue durant les minutes de la rencontre qui r\u00e9unissait le Pr\u00e9sident Macky Sall et ses alli\u00e9s de la Conf\u00e9rence des leaders de Benno Bokk Yakaar (Bby) hier lundi au palais de la R\u00e9publique. Selon L\u2019Observateur, le Pr\u00e9sident Macky Sall s\u2019est tourn\u00e9 vers deux de ses lieutenants dont les noms sont cit\u00e9s parmi les potentiels candidat au sein de la majorit\u00e9. Il s\u2019agit du Premier ministre, Amadou Ba, et du pr\u00e9sident du Conseil \u00e9conomique, social et environnemental (Cese).<\/p>\n\n\n\n<p>Le journal souligne qu\u2019il leur a d\u2019abord rappel\u00e9 que l\u2019Alliance pour la R\u00e9publique (Apr, parti pr\u00e9sidentiel) lui avait donn\u00e9 son quitus pour le choix du candidat. Ensuite, il leur a pos\u00e9 cette question : \u201cJ\u2019esp\u00e8re que vous serez d\u2019accord avec mon choix ?\u201d Tous les 2 auraient acquiesc\u00e9, r\u00e9pondant favorablement.<\/p>\n\n\n\n<p>Macky Sall de conclure : \u201cJe voulais juste des t\u00e9moins\u201d.<\/p>\n\n\n\n<p>Source &#8211; seneweb<\/p>\n","protected":false},"excerpt":{"rendered":"<p>Une s\u00e9quence qui n\u2019est pas pass\u00e9e inaper\u00e7ue durant les minutes de la rencontre qui r\u00e9unissait le Pr\u00e9sident Macky Sall et<\/p>\n","protected":false},"author":1,"featured_media":16124,"comment_status":"open","ping_status":"open","sticky":false,"template":"","format":"standard","meta":{"footnotes":""},"categories":[6],"tags":[],"class_list":["post-16119","post","type-post","status-publish","format-standard","has-post-thumbnail","hentry","category-politics"],"_links":{"self":[{"href":"https:\/\/dekkbi.com\/index.php?rest_route=\/wp\/v2\/posts\/16119","targetHints":{"allow":["GET"]}}],"collection":[{"href":"https:\/\/dekkbi.com\/index.php?rest_route=\/wp\/v2\/posts"}],"about":[{"href":"https:\/\/dekkbi.com\/index.php?rest_route=\/wp\/v2\/types\/post"}],"author":[{"embeddable":true,"href":"https:\/\/dekkbi.com\/index.php?rest_route=\/wp\/v2\/users\/1"}],"replies":[{"embeddable":true,"href":"https:\/\/dekkbi.com\/index.php?rest_route=%2Fwp%2Fv2%2Fcomments&post=16119"}],"version-history":[{"count":1,"href":"https:\/\/dekkbi.com\/index.php?rest_route=\/wp\/v2\/posts\/16119\/revisions"}],"predecessor-version":[{"id":16125,"href":"https:\/\/dekkbi.com\/index.php?rest_route=\/wp\/v2\/posts\/16119\/revisions\/16125"}],"wp:featuredmedia":[{"embeddable":true,"href":"https:\/\/dekkbi.com\/index.php?rest_route=\/wp\/v2\/media\/16124"}],"wp:attachment":[{"href":"https:\/\/dekkbi.com\/index.php?rest_route=%2Fwp%2Fv2%2Fmedia&parent=16119"}],"wp:term":[{"taxonomy":"category","embeddable":true,"href":"https:\/\/dekkbi.com\/index.php?rest_route=%2Fwp%2Fv2%2Fcategories&post=16119"},{"taxonomy":"post_tag","embeddable":true,"href":"https:\/\/dekkbi.com\/index.php?rest_route=%2Fwp%2Fv2%2Ftags&post=16119"}],"curies":[{"name":"wp","href":"https:\/\/api.w.org\/{rel}","templated":true}]}}