{"id":16081,"date":"2023-07-10T12:24:55","date_gmt":"2023-07-10T12:24:55","guid":{"rendered":"https:\/\/dekkbi.com\/?p=16081"},"modified":"2023-07-10T12:24:56","modified_gmt":"2023-07-10T12:24:56","slug":"le-president-iranien-en-afrique-une-tournee-diplomatique-rare","status":"publish","type":"post","link":"https:\/\/dekkbi.com\/?p=16081","title":{"rendered":"Le pr\u00e9sident iranien en Afrique, une tourn\u00e9e diplomatique rare"},"content":{"rendered":"\n<p>Kenya, Ouganda et&nbsp;Zimbabwe. Le pr\u00e9sident iranien&nbsp;Ebrahim&nbsp;Ra\u00efssi&nbsp;entame mardi 11 juillet une visite dans trois pays africains, une nouvelle \u00e9tape de l&rsquo;offensive diplomatique lanc\u00e9e par l&rsquo;Iran pour trouver de nouveaux alli\u00e9s sur la sc\u00e8ne internationale.<\/p>\n\n\n\n<p>Ce d\u00e9placement de trois jours sera la premi\u00e8re visite d&rsquo;un pr\u00e9sident de la R\u00e9publique islamique en Afrique depuis 11 ans.<\/p>\n\n\n\n<p>A la t\u00eate d&rsquo;une d\u00e9l\u00e9gation comprenant des hommes d&rsquo;affaires, M.&nbsp;Ra\u00efssi&nbsp;s&rsquo;entretiendra avec ses homologues&nbsp;kenyan&nbsp;William&nbsp;Ruto, ougandais&nbsp;Yoweri&nbsp;Museveni&nbsp;et zimbabw\u00e9en&nbsp;Emmerson&nbsp;Mnangagwa, selon l&rsquo;agence officielle&nbsp;Irna.&nbsp;<\/p>\n\n\n\n<p>La pr\u00e9sidence n&rsquo;a pas communiqu\u00e9 le programme d\u00e9taill\u00e9 du d\u00e9placement.<\/p>\n\n\n\n<p>Le porte-parole de la diplomatie iranienne, Nasser&nbsp;Kanani, l&rsquo;a pr\u00e9sent\u00e9 comme \u00ab\u00a0<em>un nouveau point de d\u00e9part<\/em>\u00a0\u00bb avec les pays africains, qui sont, selon lui, \u00ab\u00a0<em>s\u00e9rieusement int\u00e9ress\u00e9s par d\u00e9velopper leurs relations avec l&rsquo;Iran<\/em>\u00ab\u00a0, notamment \u00ab\u00a0<em>sur les plans \u00e9conomiques et commerciaux<\/em>\u00ab\u00a0.<\/p>\n\n\n\n<p>Ce rapprochement est \u00ab\u00a0<em>\u00e9galement bas\u00e9 sur les vues politiques communes<\/em>\u00a0\u00bb entre T\u00e9h\u00e9ran et les trois pays visit\u00e9s.<\/p>\n\n\n\n<p>Par ailleurs, le pr\u00e9sident&nbsp;Ra\u00efssi&nbsp;a re\u00e7u samedi le ministre alg\u00e9rien des Affaires \u00e9trang\u00e8res Ahmed&nbsp;Attaf&nbsp;en affirmant la volont\u00e9 de T\u00e9h\u00e9ran de d\u00e9velopper les relations avec Alger.<\/p>\n\n\n\n<p>Depuis le d\u00e9but de l&rsquo;ann\u00e9e, l&rsquo;Iran est engag\u00e9 dans un processus de normalisation de ses relations avec les pays arabes, au premier rang desquels l&rsquo;Arabie saoudite, apr\u00e8s sept ans de fortes tensions.<\/p>\n\n\n\n<p>T\u00e9h\u00e9ran a parall\u00e8lement renforc\u00e9 ses liens avec la Chine et la Russie dans le cadre d&rsquo;une strat\u00e9gie tourn\u00e9e vers l&rsquo;Est alors que les relations restent tendues avec les Occidentaux, malgr\u00e9 des discussions indirectes engag\u00e9es avec Washington, notamment sur le nucl\u00e9aire.<\/p>\n\n\n\n<p>Apr\u00e8s s&rsquo;\u00eatre rendu en Indon\u00e9sie, M.\u00a0Ra\u00efssi\u00a0a visit\u00e9 en juin trois \u00ab\u00a0pays amis\u00a0\u00bb d&rsquo;Am\u00e9rique latine, le Venezuela, le Nicaragua et Cuba, o\u00f9 il a d\u00e9nonc\u00e9 \u00ab\u00a0<em>les puissances imp\u00e9rialistes\u00a0\u00bb<\/em>, notamment les\u00a0Etats-Unis.<strong>\u00a0<\/strong><\/p>\n\n\n\n<p><\/p>\n\n\n\n<p>SOURCE TV5<\/p>\n","protected":false},"excerpt":{"rendered":"<p>Kenya, Ouganda et&nbsp;Zimbabwe. Le pr\u00e9sident iranien&nbsp;Ebrahim&nbsp;Ra\u00efssi&nbsp;entame mardi 11 juillet une visite dans trois pays africains, une nouvelle \u00e9tape de l&rsquo;offensive<\/p>\n","protected":false},"author":1,"featured_media":16082,"comment_status":"open","ping_status":"open","sticky":false,"template":"","format":"standard","meta":{"footnotes":""},"categories":[51],"tags":[],"class_list":["post-16081","post","type-post","status-publish","format-standard","has-post-thumbnail","hentry","category-general"],"_links":{"self":[{"href":"https:\/\/dekkbi.com\/index.php?rest_route=\/wp\/v2\/posts\/16081","targetHints":{"allow":["GET"]}}],"collection":[{"href":"https:\/\/dekkbi.com\/index.php?rest_route=\/wp\/v2\/posts"}],"about":[{"href":"https:\/\/dekkbi.com\/index.php?rest_route=\/wp\/v2\/types\/post"}],"author":[{"embeddable":true,"href":"https:\/\/dekkbi.com\/index.php?rest_route=\/wp\/v2\/users\/1"}],"replies":[{"embeddable":true,"href":"https:\/\/dekkbi.com\/index.php?rest_route=%2Fwp%2Fv2%2Fcomments&post=16081"}],"version-history":[{"count":1,"href":"https:\/\/dekkbi.com\/index.php?rest_route=\/wp\/v2\/posts\/16081\/revisions"}],"predecessor-version":[{"id":16083,"href":"https:\/\/dekkbi.com\/index.php?rest_route=\/wp\/v2\/posts\/16081\/revisions\/16083"}],"wp:featuredmedia":[{"embeddable":true,"href":"https:\/\/dekkbi.com\/index.php?rest_route=\/wp\/v2\/media\/16082"}],"wp:attachment":[{"href":"https:\/\/dekkbi.com\/index.php?rest_route=%2Fwp%2Fv2%2Fmedia&parent=16081"}],"wp:term":[{"taxonomy":"category","embeddable":true,"href":"https:\/\/dekkbi.com\/index.php?rest_route=%2Fwp%2Fv2%2Fcategories&post=16081"},{"taxonomy":"post_tag","embeddable":true,"href":"https:\/\/dekkbi.com\/index.php?rest_route=%2Fwp%2Fv2%2Ftags&post=16081"}],"curies":[{"name":"wp","href":"https:\/\/api.w.org\/{rel}","templated":true}]}}