{"id":16078,"date":"2023-07-10T12:21:13","date_gmt":"2023-07-10T12:21:13","guid":{"rendered":"https:\/\/dekkbi.com\/?p=16078"},"modified":"2023-07-10T12:21:14","modified_gmt":"2023-07-10T12:21:14","slug":"la-cour-europeenne-des-droits-de-lhomme-se-prononce-sur-le-cas-semenya","status":"publish","type":"post","link":"https:\/\/dekkbi.com\/?p=16078","title":{"rendered":"La Cour europ\u00e9enne des droits de l&rsquo;homme se prononce sur le cas Semenya"},"content":{"rendered":"\n<p>Un nouvel \u00e9pisode dans le dossier Caster Semenya: la Cour europ\u00e9enne des droits de l&rsquo;homme (CEDH) se prononce mardi sur une demande de l&rsquo;athl\u00e8te sud-africaine, emp\u00each\u00e9e de participer \u00e0 certaines courses parce qu&rsquo;elle refuse un traitement pour faire baisser son taux de testost\u00e9rone.<\/p>\n\n\n\n<p>La jeune femme de 32 ans a d\u00e9pos\u00e9 une requ\u00eate contre la Suisse, dont la justice a confirm\u00e9 en ao\u00fbt 2020 que l&rsquo;athl\u00e8te hyperandrog\u00e8ne devait prendre un traitement hormonal pour s&rsquo;aligner sur sa distance f\u00e9tiche du 800 m.<\/p>\n\n\n\n<p>Ses avocats estiment que la justice suisse a \u00ab\u00a0manqu\u00e9 \u00e0 ses obligations de la prot\u00e9ger contre la violation de ses droits en vertu de la Convention europ\u00e9enne des droits de l&rsquo;homme\u00a0\u00bb.<\/p>\n\n\n\n<p>Caster Semenya se plaint ainsi aupr\u00e8s de la CEDH de violations de la Convention europ\u00e9enne de sauvegarde des droits de l&rsquo;homme \u00e0 son \u00e9gard, notamment des articles 3 (interdiction des traitements inhumains ou d\u00e9gradants), 8 (droit au respect de la vie priv\u00e9e), 14 (interdiction de la discrimination), 6 (droit \u00e0 un proc\u00e8s \u00e9quitable) et 13 (droit \u00e0 un recours effectif).<\/p>\n\n\n\n<p>La sportive pr\u00e9sente un exc\u00e8s naturel d&rsquo;hormones sexuelles m\u00e2les. Elle m\u00e8ne depuis plus de dix ans un bras de fer avec la F\u00e9d\u00e9ration internationale d&rsquo;athl\u00e9tisme (World Athletics, ex-IAAF).<\/p>\n\n\n\n<p>Expertises \u00e0 l&rsquo;appui, cette derni\u00e8re a d\u00e9fini en avril 2018 un seuil maximal de testost\u00e9rone (5 nanomoles par litre de sang) pour concourir avec les femmes sur des distances allant du 400 m au mile (1609 m), et englobant donc le 800 m o\u00f9 la Sud-Africaine excelle.<\/p>\n\n\n\n<h2 class=\"wp-block-heading\">Tests de f\u00e9minit\u00e9<\/h2>\n\n\n\n<p>La double championne olympique (2012, 2016) et triple championne du monde (2009, 2011 et 2017) a d\u00e9j\u00e0 perdu plusieurs recours.<\/p>\n\n\n\n<figure class=\"wp-block-image\"><img decoding=\"async\" src=\"https:\/\/information.tv5monde.com\/sites\/tv5-info\/files\/styles\/entete\/public\/2023-07\/field_media_image-2726005-6b99c711f3ce7754c0055446cd8a0b8cd14a37be.jpg?itok=l4n3t_o2\" alt=\"Caster Semenya (\u00e0 droite) pose avec une autre concurrente apr\u00e8s avoir pris part au 200 m de la r\u00e9union d'athl\u00e9tisme de Pretoria, le 13 mars 2020\" title=\"Caster Semenya (\u00e0 droite) pose avec une autre concurrente apr\u00e8s avoir pris part au 200 m de la r\u00e9union d'athl\u00e9tisme de Pretoria, le 13 mars 2020\"\/><\/figure>\n\n\n\n<p>Caster Semenya (\u00e0 droite) pose avec une autre concurrente apr\u00e8s avoir pris part au 200 m de la r\u00e9union d&rsquo;athl\u00e9tisme de Pretoria, le 13 mars 2020<\/p>\n\n\n\n<p>AFP\/Archives<\/p>\n\n\n\n<p>Phill Magakoe<\/p>\n\n\n\n<p>La Cour supr\u00eame suisse notamment avait confirm\u00e9 le 25 ao\u00fbt 2020, au nom de \u00ab\u00a0l&rsquo;\u00e9quit\u00e9 sportive\u00a0\u00bb, une pr\u00e9c\u00e9dente d\u00e9cision du Tribunal arbitral du sport (TAS) datant de 2019, validant donc la r\u00e9glementation de World Athletics qui d\u00e9finit un seuil maximal de testost\u00e9rone.<\/p>\n\n\n\n<p>\u00ab\u00a0Je suis tr\u00e8s d\u00e9\u00e7ue par cet arr\u00eat, mais je refuse de laisser World Athletics me droguer ou m&#8217;emp\u00eacher d&rsquo;\u00eatre qui je suis\u00a0\u00bb, avait alors r\u00e9agi la Sud-Africaine, promettant de se battre \u00ab\u00a0pour les droits humains des femmes athl\u00e8tes, sur la piste et en dehors, jusqu&rsquo;\u00e0 ce que nous puissions courir aussi libres que nous sommes n\u00e9es.\u00a0\u00bb<\/p>\n\n\n\n<p>Cible d\u00e8s ses premi\u00e8res apparitions de d\u00e9bats sur son apparence physique, interdite une premi\u00e8re fois de comp\u00e9tition pendant 11 mois et contrainte de subir des \u00ab\u00a0tests de f\u00e9minit\u00e9\u00a0\u00bb rest\u00e9s secrets, la Sud-Africaine se bat depuis des ann\u00e9es pour concourir sans traitement.<\/p>\n\n\n\n<h2 class=\"wp-block-heading\">\u00ab\u00a0Avantage insurmontable\u00a0\u00bb<\/h2>\n\n\n\n<p>Le Conseil des droits de l&rsquo;Homme de l&rsquo;ONU, lors d&rsquo;une rare intrusion dans le monde du sport, lui avait apport\u00e9 en 2019 un soutien unanime et d\u00e9sapprouv\u00e9 la r\u00e9glementation de World Athletics.<\/p>\n\n\n\n<p>Mais le Tribunal f\u00e9d\u00e9ral de Lausanne a fait pr\u00e9valoir \u00ab\u00a0l&rsquo;\u00e9quit\u00e9 des comp\u00e9titions\u00a0\u00bb comme \u00ab\u00a0principe cardinal du sport\u00a0\u00bb, au motif qu&rsquo;un taux de testost\u00e9rone comparable \u00e0 celui des hommes conf\u00e8re aux athl\u00e8tes f\u00e9minines \u00ab\u00a0un avantage insurmontable\u00a0\u00bb.<\/p>\n\n\n\n<p>Depuis sa r\u00e9v\u00e9lation en 2009, la jeune femme \u00e0 la carrure musculeuse a rafl\u00e9 deux titres olympiques et trois titres mondiaux. Elle est devenue la porte-\u00e9tendard des athl\u00e8tes hyperandrog\u00e8nes, au coeur d&rsquo;une controverse opposant \u00e9quit\u00e9 sportive et droit \u00e0 la diff\u00e9rence.<\/p>\n\n\n\n<p>A d\u00e9faut de pouvoir courir sur sa distance pr\u00e9f\u00e9r\u00e9e du 800 m, Caster Semenya a tent\u00e9 de se reconvertir sur des courses plus longues, non concern\u00e9es par le r\u00e8glement sur l&rsquo;hyperandrog\u00e9nie de World Athletics. Elle y conna\u00eet toutefois beaucoup moins de r\u00e9ussite: elle a par exemple \u00e9t\u00e9 \u00e9limin\u00e9e d\u00e8s les s\u00e9ries du 5000 m aux Mondiaux d&rsquo;athl\u00e9tisme \u00e0 Eugene (Oregon) l&rsquo;an dernier. Et elle n&rsquo;avait pas r\u00e9ussi \u00e0 se qualifier pour les Jeux olympiques de Tokyo sur la distance.<\/p>\n","protected":false},"excerpt":{"rendered":"<p>Un nouvel \u00e9pisode dans le dossier Caster Semenya: la Cour europ\u00e9enne des droits de l&rsquo;homme (CEDH) se prononce mardi sur<\/p>\n","protected":false},"author":1,"featured_media":16079,"comment_status":"open","ping_status":"open","sticky":false,"template":"","format":"standard","meta":{"footnotes":""},"categories":[9],"tags":[],"class_list":["post-16078","post","type-post","status-publish","format-standard","has-post-thumbnail","hentry","category-sports"],"_links":{"self":[{"href":"https:\/\/dekkbi.com\/index.php?rest_route=\/wp\/v2\/posts\/16078","targetHints":{"allow":["GET"]}}],"collection":[{"href":"https:\/\/dekkbi.com\/index.php?rest_route=\/wp\/v2\/posts"}],"about":[{"href":"https:\/\/dekkbi.com\/index.php?rest_route=\/wp\/v2\/types\/post"}],"author":[{"embeddable":true,"href":"https:\/\/dekkbi.com\/index.php?rest_route=\/wp\/v2\/users\/1"}],"replies":[{"embeddable":true,"href":"https:\/\/dekkbi.com\/index.php?rest_route=%2Fwp%2Fv2%2Fcomments&post=16078"}],"version-history":[{"count":1,"href":"https:\/\/dekkbi.com\/index.php?rest_route=\/wp\/v2\/posts\/16078\/revisions"}],"predecessor-version":[{"id":16080,"href":"https:\/\/dekkbi.com\/index.php?rest_route=\/wp\/v2\/posts\/16078\/revisions\/16080"}],"wp:featuredmedia":[{"embeddable":true,"href":"https:\/\/dekkbi.com\/index.php?rest_route=\/wp\/v2\/media\/16079"}],"wp:attachment":[{"href":"https:\/\/dekkbi.com\/index.php?rest_route=%2Fwp%2Fv2%2Fmedia&parent=16078"}],"wp:term":[{"taxonomy":"category","embeddable":true,"href":"https:\/\/dekkbi.com\/index.php?rest_route=%2Fwp%2Fv2%2Fcategories&post=16078"},{"taxonomy":"post_tag","embeddable":true,"href":"https:\/\/dekkbi.com\/index.php?rest_route=%2Fwp%2Fv2%2Ftags&post=16078"}],"curies":[{"name":"wp","href":"https:\/\/api.w.org\/{rel}","templated":true}]}}