{"id":16065,"date":"2023-07-10T11:55:52","date_gmt":"2023-07-10T11:55:52","guid":{"rendered":"https:\/\/dekkbi.com\/?p=16065"},"modified":"2023-07-10T11:55:53","modified_gmt":"2023-07-10T11:55:53","slug":"le-chef-de-letat-major-russe-fait-sa-premiere-apparition-publique-apres-la-rebellion-avortee-de-wagner","status":"publish","type":"post","link":"https:\/\/dekkbi.com\/?p=16065","title":{"rendered":"Le chef de l\u2019\u00e9tat-major russe fait sa premi\u00e8re apparition publique apr\u00e8s la r\u00e9bellion avort\u00e9e de Wagner"},"content":{"rendered":"\n<p><strong>Le chef de l\u2019\u00e9tat-major russe et commandant des op\u00e9rations militaires en Ukraine, Val\u00e9ri <strong>Gu\u00e9rassimov<\/strong>, a fait sa premi\u00e8re apparition publique depuis la r\u00e9bellion avort\u00e9e du groupe Wagner, qui le visait personnellement.<\/strong><\/p>\n\n\n\n<p>Une vid\u00e9o, diffus\u00e9e lundi par le minist\u00e8re russe de la D\u00e9fense, montre Val\u00e9ri Gu\u00e9rassimov pr\u00e9sidant une r\u00e9union o\u00f9 il est inform\u00e9 d\u2019une tentative de l\u2019arm\u00e9e ukrainienne de mener, dimanche, des frappes de missiles en Russie et contre la Crim\u00e9e.<\/p>\n\n\n\n<p>Lors de cette r\u00e9union non dat\u00e9e, le chef de l\u2019\u00e9tat-major des forces a\u00e9rospatiales russes, le g\u00e9n\u00e9ral Victor Afzalov, affirme que trois missiles ukrainiens S-200 ont \u00e9t\u00e9 abattus par la d\u00e9fense anti-a\u00e9rienne. \u201cPas de victimes, ni de d\u00e9g\u00e2ts\u201d, pr\u00e9cise-t-il.<\/p>\n\n\n\n<p>Selon lui, ces missiles visaient le pont vital de Kertch, entre la Russie et la Crim\u00e9e annex\u00e9e, et l\u2019a\u00e9rodrome de Morozovsk, dans la r\u00e9gion russe de Rostov-sur-le-Don, frontali\u00e8re de l\u2019Ukraine. Deux autres missiles S-200 ukrainiens ont \u00e9t\u00e9 neutralis\u00e9s gr\u00e2ce aux syst\u00e8mes de brouillage \u00e9lectronique, selon le g\u00e9n\u00e9ral Victor Afzalov.<\/p>\n\n\n\n<h2 class=\"wp-block-heading\">Rumeurs autour de potentiels remaniements<\/h2>\n\n\n\n<p>Avec le ministre de la D\u00e9fense Sergue\u00ef Cho\u00efgou, M. Gu\u00e9rassimov, un homme aust\u00e8re de 67 ans au visage impassible, \u00e9tait vis\u00e9 directement par la r\u00e9volte \u00e9clair men\u00e9e du 23 au 24 juin par le patron de Wagner, Evgu\u00e9ni Prigojine.<\/p>\n\n\n\n<p>Depuis l\u2019\u00e9chec de cette mutinerie, des rumeurs, non confirm\u00e9es face \u00e0 l\u2019opacit\u00e9 du pouvoir russe, font \u00e9tat de remaniements au sein du commandement militaire, notamment concernant le g\u00e9n\u00e9ral Sergue\u00ef Sourovikine, longtemps alli\u00e9 de Wagner.<\/p>\n\n\n\n<p>Sur les images de la r\u00e9union diffus\u00e9es lundi par l\u2019arm\u00e9e russe, Sergue\u00ef Sourovikine, qui est toujours officiellement commandant des forces a\u00e9ro-spatiales et l\u2019un des adjoints de Val\u00e9ri Gu\u00e9rassimov concernant les op\u00e9rations en Ukraine, n\u2019\u00e9tait pas pr\u00e9sent.<\/p>\n\n\n\n<p>SOURCE 7SUR7<\/p>\n","protected":false},"excerpt":{"rendered":"<p>Le chef de l\u2019\u00e9tat-major russe et commandant des op\u00e9rations militaires en Ukraine, Val\u00e9ri Gu\u00e9rassimov, a fait sa premi\u00e8re apparition publique<\/p>\n","protected":false},"author":1,"featured_media":6402,"comment_status":"open","ping_status":"open","sticky":false,"template":"","format":"standard","meta":{"footnotes":""},"categories":[51],"tags":[],"class_list":["post-16065","post","type-post","status-publish","format-standard","has-post-thumbnail","hentry","category-general"],"_links":{"self":[{"href":"https:\/\/dekkbi.com\/index.php?rest_route=\/wp\/v2\/posts\/16065","targetHints":{"allow":["GET"]}}],"collection":[{"href":"https:\/\/dekkbi.com\/index.php?rest_route=\/wp\/v2\/posts"}],"about":[{"href":"https:\/\/dekkbi.com\/index.php?rest_route=\/wp\/v2\/types\/post"}],"author":[{"embeddable":true,"href":"https:\/\/dekkbi.com\/index.php?rest_route=\/wp\/v2\/users\/1"}],"replies":[{"embeddable":true,"href":"https:\/\/dekkbi.com\/index.php?rest_route=%2Fwp%2Fv2%2Fcomments&post=16065"}],"version-history":[{"count":1,"href":"https:\/\/dekkbi.com\/index.php?rest_route=\/wp\/v2\/posts\/16065\/revisions"}],"predecessor-version":[{"id":16066,"href":"https:\/\/dekkbi.com\/index.php?rest_route=\/wp\/v2\/posts\/16065\/revisions\/16066"}],"wp:featuredmedia":[{"embeddable":true,"href":"https:\/\/dekkbi.com\/index.php?rest_route=\/wp\/v2\/media\/6402"}],"wp:attachment":[{"href":"https:\/\/dekkbi.com\/index.php?rest_route=%2Fwp%2Fv2%2Fmedia&parent=16065"}],"wp:term":[{"taxonomy":"category","embeddable":true,"href":"https:\/\/dekkbi.com\/index.php?rest_route=%2Fwp%2Fv2%2Fcategories&post=16065"},{"taxonomy":"post_tag","embeddable":true,"href":"https:\/\/dekkbi.com\/index.php?rest_route=%2Fwp%2Fv2%2Ftags&post=16065"}],"curies":[{"name":"wp","href":"https:\/\/api.w.org\/{rel}","templated":true}]}}