{"id":16040,"date":"2023-07-10T10:15:44","date_gmt":"2023-07-10T10:15:44","guid":{"rendered":"https:\/\/dekkbi.com\/?p=16040"},"modified":"2023-07-10T10:15:45","modified_gmt":"2023-07-10T10:15:45","slug":"presidentielle-2024-aida-mbodj-candidate","status":"publish","type":"post","link":"https:\/\/dekkbi.com\/?p=16040","title":{"rendered":"Pr\u00e9sidentielle 2024: Aida Mbodj candidate"},"content":{"rendered":"\n<p>La \u00ab Lionne du Baol \u00bb a d\u00e9clar\u00e9 ce dimanche sa candidature \u00e0 la Pr\u00e9sidentielle s\u00e9n\u00e9galaise du 25 f\u00e9vrier 2024. Aida Mbodj se pr\u00e9sentera sous la banni\u00e8re de&nbsp;l\u2019Alliance nationale pour la d\u00e9mocratie And Saxal Liguey qui l\u2019a investie ce dimanche lors d\u2019un congr\u00e8s organis\u00e9 au CICES.<\/p>\n\n\n\n<p>Rappelons qu\u2019elle est membre de la coalition de l\u2019opposition Yewwi Askan Wi. Dans son discours, Aida Mbodj est revenue sur la relation qu\u2019elle a avec Ousmane Sonko. Elle a m\u00eame plaid\u00e9 la lev\u00e9e du blocus de son domicile.<\/p>\n\n\n\n<p>Elle a, toujours lors du congr\u00e8s, pri\u00e9 pour les personnes d\u00e9c\u00e9d\u00e9es lors des manifestations au S\u00e9n\u00e9gal et a souhait\u00e9 un prompt r\u00e9tablissement aux bless\u00e9s.<\/p>\n\n\n\n<p>A\u00efda Mbodj affirme que ce congr\u00e8s d\u2019investiture marque le d\u00e9but de sa participation aux d\u00e9bats sur les programmes. Les axes de son projet sont la restauration de l\u2019\u00c9tat de droit et de la d\u00e9mocratie, la restructuration de l\u2019\u00e9conomie, la dimension environnementale et le d\u00e9veloppement, ainsi que l\u2019aspect s\u00e9curitaire.<\/p>\n\n\n\n<p>LESOLEIL<\/p>\n","protected":false},"excerpt":{"rendered":"<p>La \u00ab Lionne du Baol \u00bb a d\u00e9clar\u00e9 ce dimanche sa candidature \u00e0 la Pr\u00e9sidentielle s\u00e9n\u00e9galaise du 25 f\u00e9vrier 2024.<\/p>\n","protected":false},"author":1,"featured_media":16042,"comment_status":"open","ping_status":"open","sticky":false,"template":"","format":"standard","meta":{"footnotes":""},"categories":[6],"tags":[],"class_list":["post-16040","post","type-post","status-publish","format-standard","has-post-thumbnail","hentry","category-politics"],"_links":{"self":[{"href":"https:\/\/dekkbi.com\/index.php?rest_route=\/wp\/v2\/posts\/16040","targetHints":{"allow":["GET"]}}],"collection":[{"href":"https:\/\/dekkbi.com\/index.php?rest_route=\/wp\/v2\/posts"}],"about":[{"href":"https:\/\/dekkbi.com\/index.php?rest_route=\/wp\/v2\/types\/post"}],"author":[{"embeddable":true,"href":"https:\/\/dekkbi.com\/index.php?rest_route=\/wp\/v2\/users\/1"}],"replies":[{"embeddable":true,"href":"https:\/\/dekkbi.com\/index.php?rest_route=%2Fwp%2Fv2%2Fcomments&post=16040"}],"version-history":[{"count":1,"href":"https:\/\/dekkbi.com\/index.php?rest_route=\/wp\/v2\/posts\/16040\/revisions"}],"predecessor-version":[{"id":16043,"href":"https:\/\/dekkbi.com\/index.php?rest_route=\/wp\/v2\/posts\/16040\/revisions\/16043"}],"wp:featuredmedia":[{"embeddable":true,"href":"https:\/\/dekkbi.com\/index.php?rest_route=\/wp\/v2\/media\/16042"}],"wp:attachment":[{"href":"https:\/\/dekkbi.com\/index.php?rest_route=%2Fwp%2Fv2%2Fmedia&parent=16040"}],"wp:term":[{"taxonomy":"category","embeddable":true,"href":"https:\/\/dekkbi.com\/index.php?rest_route=%2Fwp%2Fv2%2Fcategories&post=16040"},{"taxonomy":"post_tag","embeddable":true,"href":"https:\/\/dekkbi.com\/index.php?rest_route=%2Fwp%2Fv2%2Ftags&post=16040"}],"curies":[{"name":"wp","href":"https:\/\/api.w.org\/{rel}","templated":true}]}}