{"id":16021,"date":"2023-07-10T09:17:12","date_gmt":"2023-07-10T09:17:12","guid":{"rendered":"https:\/\/dekkbi.com\/?p=16021"},"modified":"2023-07-10T09:17:13","modified_gmt":"2023-07-10T09:17:13","slug":"souleymane-ndene-pourquoi-amnistier-khalifa-et-karim-et-laisser-de-cote-sonko","status":"publish","type":"post","link":"https:\/\/dekkbi.com\/?p=16021","title":{"rendered":"Souleymane Nd\u00e9n\u00e9: \u00ab\u00a0Pourquoi amnistier Khalifa et Karim et laisser de c\u00f4t\u00e9 Sonko&#8230;\u00a0\u00bb"},"content":{"rendered":"\n<p>GFM &#8211; (Dakar) Pour Me Souleymane Nd\u00e9n\u00e9 Ndiaye, si Karim Wade et Khalifa Sall obtenaient le droit d\u2019\u00eatre candidat \u00e0 la future pr\u00e9sidentielle, tout doit \u00eatre fait pour que Ousmane Sonko aussi participe \u00e0 ces joutes \u00e9lectorales. Sinon, ce serait une injustice, juge l\u2019ex-Premier ministre qui \u00e9tait l\u2019invit\u00e9 du grand jury de la Rfm.<\/p>\n\n\n\n<p>\u00abIl faut laisser tout le monde participer \u00e0 cette \u00e9lection. Tout le monde : Ousmane Sonko, Karim Wade, Khalifa Sall. \u00c0 un moment donn\u00e9 de l\u2019histoire de notre pays, il faut savoir pardonner.<br><br>Apr\u00e8s avoir pu \u00eatre amnisti\u00e9s par le pr\u00e9sident Senghor, le Pr\u00e9sident Mamadou Dia, Valdiodio Ndiaye et Cie ont recouvr\u00e9 leurs droits civiques et politiques. Donc je ne vois pas pourquoi on amnistierait Khalifa et Karim et on laisserait de c\u00f4t\u00e9 Ousmane Sonko. \u00c0 mon avis, ce serait injuste. C\u2019est ma position \u00e0 moi.<br><br>Je suis avec Macky Sall, je ne suis pas avec Ousmane Sonko. Mais je trouverais injuste que Khalifa Sall et Karim Wade soient amnisti\u00e9s et que Ousmane Sonko ne le soit pas. Ce serait injuste. Ce serait comme si on aurait l\u00e9gif\u00e9r\u00e9 pour deux hommes ou trois personnes ou pour une cat\u00e9gorie de personnes. Il ne faudrait pas donner cette impression aux s\u00e9n\u00e9galais.\u00bb<\/p>\n","protected":false},"excerpt":{"rendered":"<p>GFM &#8211; (Dakar) Pour Me Souleymane Nd\u00e9n\u00e9 Ndiaye, si Karim Wade et Khalifa Sall obtenaient le droit d\u2019\u00eatre candidat \u00e0<\/p>\n","protected":false},"author":1,"featured_media":16022,"comment_status":"open","ping_status":"open","sticky":false,"template":"","format":"standard","meta":{"footnotes":""},"categories":[6],"tags":[],"class_list":["post-16021","post","type-post","status-publish","format-standard","has-post-thumbnail","hentry","category-politics"],"_links":{"self":[{"href":"https:\/\/dekkbi.com\/index.php?rest_route=\/wp\/v2\/posts\/16021","targetHints":{"allow":["GET"]}}],"collection":[{"href":"https:\/\/dekkbi.com\/index.php?rest_route=\/wp\/v2\/posts"}],"about":[{"href":"https:\/\/dekkbi.com\/index.php?rest_route=\/wp\/v2\/types\/post"}],"author":[{"embeddable":true,"href":"https:\/\/dekkbi.com\/index.php?rest_route=\/wp\/v2\/users\/1"}],"replies":[{"embeddable":true,"href":"https:\/\/dekkbi.com\/index.php?rest_route=%2Fwp%2Fv2%2Fcomments&post=16021"}],"version-history":[{"count":1,"href":"https:\/\/dekkbi.com\/index.php?rest_route=\/wp\/v2\/posts\/16021\/revisions"}],"predecessor-version":[{"id":16023,"href":"https:\/\/dekkbi.com\/index.php?rest_route=\/wp\/v2\/posts\/16021\/revisions\/16023"}],"wp:featuredmedia":[{"embeddable":true,"href":"https:\/\/dekkbi.com\/index.php?rest_route=\/wp\/v2\/media\/16022"}],"wp:attachment":[{"href":"https:\/\/dekkbi.com\/index.php?rest_route=%2Fwp%2Fv2%2Fmedia&parent=16021"}],"wp:term":[{"taxonomy":"category","embeddable":true,"href":"https:\/\/dekkbi.com\/index.php?rest_route=%2Fwp%2Fv2%2Fcategories&post=16021"},{"taxonomy":"post_tag","embeddable":true,"href":"https:\/\/dekkbi.com\/index.php?rest_route=%2Fwp%2Fv2%2Ftags&post=16021"}],"curies":[{"name":"wp","href":"https:\/\/api.w.org\/{rel}","templated":true}]}}